{"id":7971,"date":"2020-06-26T13:50:01","date_gmt":"2020-06-26T11:50:01","guid":{"rendered":"http:\/\/www.prva.hr\/?p=7971"},"modified":"2020-06-26T13:54:06","modified_gmt":"2020-06-26T11:54:06","slug":"povrat-udzbenika-za-druge-trece-i-cetvrte-razrede","status":"publish","type":"post","link":"https:\/\/prva.hr\/index.php\/2020\/06\/26\/povrat-udzbenika-za-druge-trece-i-cetvrte-razrede\/","title":{"rendered":"Povrat ud\u017ebenika za druge, tre\u0107e i \u010detvrte razrede &#8211; VA\u017dNO!"},"content":{"rendered":"<p>Dragi u\u010denici, drage u\u010denice, dragi roditelji,<\/p>\n<p>u nastavku je priop\u0107enje o povratu ud\u017ebenika.<\/p>\n<ul>\n<li>\n<h4>Drugi i tre\u0107i razredi <span style=\"text-decoration: underline;\">ne vra\u0107aju<\/span> ud\u017ebenike.<\/h4>\n<\/li>\n<\/ul>\n<p>&nbsp;<\/p>\n<ul>\n<li>\n<h4>Povrat ud\u017ebenika <span style=\"text-decoration: underline;\">za maturante<\/span> \u0107e ove\u00a0 godine biti organiziran\u00a0<strong><u>02.07. 2020. (\u010detvrtak)\u00a0<\/u><\/strong> prema sljede\u0107em rasporedu:<\/h4>\n<\/li>\n<\/ul>\n<p>&nbsp;<\/p>\n<table style=\"height: 851px;\" width=\"736\">\n<tbody>\n<tr>\n<td width=\"87\">\n<p style=\"text-align: center;\"><strong>Razred<\/strong><\/p>\n<\/td>\n<td style=\"text-align: center;\" width=\"123\"><strong>\u00a0<\/strong><strong>Vrijeme<\/strong><\/td>\n<td style=\"text-align: center;\" width=\"108\"><strong>\u00a0<\/strong><strong>U\u010dionica<\/strong><\/td>\n<td style=\"text-align: center;\" width=\"284\"><strong>\u00a0<\/strong><strong>Razrednik<\/strong><\/td>\n<\/tr>\n<tr>\n<td width=\"87\">\n<h3 style=\"text-align: center;\"><strong>4. a<\/strong><strong>\u00a0<\/strong><\/h3>\n<\/td>\n<td style=\"text-align: center;\" width=\"123\">\n<h3><strong>11:00<\/strong><\/h3>\n<\/td>\n<td style=\"text-align: center;\" width=\"108\">\n<h3><strong>230<\/strong><\/h3>\n<\/td>\n<td width=\"284\">\n<h3 style=\"text-align: center;\"><strong>Marina Romac<\/strong><\/h3>\n<\/td>\n<\/tr>\n<tr>\n<td width=\"87\">\n<h3 style=\"text-align: center;\"><strong>4. b<\/strong><\/h3>\n<\/td>\n<td style=\"text-align: center;\" width=\"123\">\n<h3><strong>11:30<\/strong><\/h3>\n<\/td>\n<td style=\"text-align: center;\" width=\"108\">\n<h3><strong>228<\/strong><\/h3>\n<\/td>\n<td width=\"284\">\n<h3 style=\"text-align: center;\"><strong>Snje\u017eana Liber<\/strong><\/h3>\n<\/td>\n<\/tr>\n<tr>\n<td width=\"87\">\n<h3 style=\"text-align: center;\"><strong>4. c<\/strong><\/h3>\n<\/td>\n<td style=\"text-align: center;\" width=\"123\">\n<h3><strong>12:00<\/strong><\/h3>\n<\/td>\n<td style=\"text-align: center;\" width=\"108\">\n<h3><strong>217<\/strong><\/h3>\n<\/td>\n<td width=\"284\">\n<h3 style=\"text-align: center;\"><strong>Damir Kr\u0161i\u0107<\/strong><\/h3>\n<\/td>\n<\/tr>\n<tr>\n<td style=\"text-align: center;\" width=\"87\">\n<h3><strong>4. d<\/strong><\/h3>\n<\/td>\n<td width=\"123\">\n<h3 style=\"text-align: center;\"><strong>12:30<\/strong><\/h3>\n<\/td>\n<td width=\"108\">\n<h3 style=\"text-align: center;\"><strong>216<\/strong><\/h3>\n<\/td>\n<td width=\"284\">\n<h3 style=\"text-align: center;\"><strong>Mihaela Mordu\u0161<\/strong><\/h3>\n<\/td>\n<\/tr>\n<tr>\n<td style=\"text-align: center;\" width=\"87\">\n<h3 style=\"text-align: center;\"><strong>4. e<\/strong><\/h3>\n<\/td>\n<td style=\"text-align: center;\" width=\"123\">\n<h3><strong>13:00<\/strong><\/h3>\n<\/td>\n<td style=\"text-align: center;\" width=\"108\">\n<h3><strong>214<\/strong><\/h3>\n<\/td>\n<td width=\"284\">\n<h3 style=\"text-align: center;\"><strong>Dalibor Joler<\/strong><\/h3>\n<\/td>\n<\/tr>\n<\/tbody>\n<\/table>\n<h3>Ud\u017ebenici\u00a0trebaju biti\u00a0<b>poredani po popisu ud\u017ebenika<\/b>, prvi ud\u017ebenik staviti na vrh. Popis mo\u017eete preuzeti\u00a0<a href=\"https:\/\/www.prva.hr\/wp-content\/uploads\/2020\/06\/T_popis-ud\u017ebenika-za-povrat-4.-razredi.docx\">ovdje<\/a>.<\/h3>\n<p>&nbsp;<\/p>\n<div>Jo\u0161 nekoliko\u00a0napomena:<\/div>\n<div>\n<ul>\n<li>Sve predradnje za povrat u\u010dinite na vrijeme, barem dan ranije, a ne u trenutku kada se ud\u017ebenici trebaju preuzeti.<\/li>\n<li>\u00a0Molim vas dr\u017eite distancu i pridr\u017eavajte se epidemiolo\u0161kih mjera.<\/li>\n<\/ul>\n<p>&nbsp;<\/p>\n<\/div>\n","protected":false},"excerpt":{"rendered":"<p>Dragi u\u010denici, drage u\u010denice, dragi roditelji, u nastavku je priop\u0107enje o povratu ud\u017ebenika. Drugi i tre\u0107i razredi ne vra\u0107aju ud\u017ebenike. &nbsp; Povrat ud\u017ebenika za maturante \u0107e ove\u00a0 godine biti organiziran\u00a002.07. 2020. (\u010detvrtak)\u00a0 prema sljede\u0107em rasporedu: &nbsp; Razred \u00a0Vrijeme \u00a0U\u010dionica \u00a0Razrednik 4. a\u00a0 11:00 230 Marina Romac 4. b 11:30 228 Snje\u017eana Liber 4. c 12:00 [&hellip;]<\/p>\n","protected":false},"author":9,"featured_media":0,"comment_status":"closed","ping_status":"closed","sticky":false,"template":"","format":"standard","meta":{"_et_pb_use_builder":"","_et_pb_old_content":"","_et_gb_content_width":"","footnotes":""},"categories":[6,9,4],"tags":[78],"class_list":["post-7971","post","type-post","status-publish","format-standard","hentry","category-aktualna-dogadanja","category-arhiva","category-najnovije-vijesti","tag-udzbenici"],"_links":{"self":[{"href":"https:\/\/prva.hr\/index.php\/wp-json\/wp\/v2\/posts\/7971","targetHints":{"allow":["GET"]}}],"collection":[{"href":"https:\/\/prva.hr\/index.php\/wp-json\/wp\/v2\/posts"}],"about":[{"href":"https:\/\/prva.hr\/index.php\/wp-json\/wp\/v2\/types\/post"}],"author":[{"embeddable":true,"href":"https:\/\/prva.hr\/index.php\/wp-json\/wp\/v2\/users\/9"}],"replies":[{"embeddable":true,"href":"https:\/\/prva.hr\/index.php\/wp-json\/wp\/v2\/comments?post=7971"}],"version-history":[{"count":11,"href":"https:\/\/prva.hr\/index.php\/wp-json\/wp\/v2\/posts\/7971\/revisions"}],"predecessor-version":[{"id":7984,"href":"https:\/\/prva.hr\/index.php\/wp-json\/wp\/v2\/posts\/7971\/revisions\/7984"}],"wp:attachment":[{"href":"https:\/\/prva.hr\/index.php\/wp-json\/wp\/v2\/media?parent=7971"}],"wp:term":[{"taxonomy":"category","embeddable":true,"href":"https:\/\/prva.hr\/index.php\/wp-json\/wp\/v2\/categories?post=7971"},{"taxonomy":"post_tag","embeddable":true,"href":"https:\/\/prva.hr\/index.php\/wp-json\/wp\/v2\/tags?post=7971"}],"curies":[{"name":"wp","href":"https:\/\/api.w.org\/{rel}","templated":true}]}}