{"id":798,"date":"2013-09-24T12:45:21","date_gmt":"2013-09-24T10:45:21","guid":{"rendered":"http:\/\/www2.prva.hr\/?p=798"},"modified":"2017-08-06T12:45:43","modified_gmt":"2017-08-06T10:45:43","slug":"ucenici-i-gimnazije-sudjeluju-u-znanstvenom-istrazivanju-foruma-za-slobodu-odgoja-pokreni-promjenu-volontiranje-mladih-za-izgradnju-kulture-mira","status":"publish","type":"post","link":"https:\/\/prva.hr\/index.php\/2013\/09\/24\/ucenici-i-gimnazije-sudjeluju-u-znanstvenom-istrazivanju-foruma-za-slobodu-odgoja-pokreni-promjenu-volontiranje-mladih-za-izgradnju-kulture-mira\/","title":{"rendered":"U\u010cENICI I. GIMNAZIJE SUDJELUJU U ZNANSTVENOM ISTRA\u017dIVANJU FORUMA ZA SLOBODU ODGOJA \u201ePOKRENI PROMJENU! VOLONTIRANJE MLADIH ZA IZGRADNJU KULTURE MIRA\u201c"},"content":{"rendered":"<p><img decoding=\"async\" src=\"http:\/\/www.prva.hr\/images\/stories\/prva\/pokreni%20promjenu1.bmp\" width=\"210\" height=\"178\" border=\"0\" \/><\/p>\n<p>Nakon sudjelovanja volontera I. gimnazije u inicijalnom dijelu istra\u017eivanja kao fokus grupe u svibnju ove godine, u na\u0161oj \u0161koli su tijekom rujna. odr\u017eane dvije radionice s volonterkama 3. e,\u00a0 te u\u010denicima 2a. i 2c. razreda pod nazivom \u201cPokreni promjenu!\u201c na temu volontiranja i dru\u0161tvene anga\u017eiranosti u\u010denika.<\/p>\n<p><img decoding=\"async\" data-src=\"http:\/\/www.prva.hr\/images\/stories\/prva\/pokreni%20promjenu1.jpg\" width=\"318\" height=\"256\" border=\"0\" src=\"data:image\/svg+xml;base64,PHN2ZyB3aWR0aD0iMSIgaGVpZ2h0PSIxIiB4bWxucz0iaHR0cDovL3d3dy53My5vcmcvMjAwMC9zdmciPjwvc3ZnPg==\" class=\"lazyload\" style=\"--smush-placeholder-width: 318px; --smush-placeholder-aspect-ratio: 318\/256;\" \/><\/p>\n<p>S radionice o volontiranju \u201ePokreni promjenu!\u201c<\/p>\n","protected":false},"excerpt":{"rendered":"<p>Nakon sudjelovanja volontera I. gimnazije u inicijalnom dijelu istra\u017eivanja kao fokus grupe u svibnju ove godine, u na\u0161oj \u0161koli su tijekom rujna. odr\u017eane dvije radionice s volonterkama 3. e,\u00a0 te u\u010denicima 2a. i 2c. razreda pod nazivom \u201cPokreni promjenu!\u201c na temu volontiranja i dru\u0161tvene anga\u017eiranosti u\u010denika. S radionice o volontiranju \u201ePokreni promjenu!\u201c<\/p>\n","protected":false},"author":1,"featured_media":0,"comment_status":"closed","ping_status":"closed","sticky":false,"template":"","format":"standard","meta":{"_et_pb_use_builder":"","_et_pb_old_content":"","_et_gb_content_width":"","footnotes":""},"categories":[9],"tags":[],"class_list":["post-798","post","type-post","status-publish","format-standard","hentry","category-arhiva"],"_links":{"self":[{"href":"https:\/\/prva.hr\/index.php\/wp-json\/wp\/v2\/posts\/798","targetHints":{"allow":["GET"]}}],"collection":[{"href":"https:\/\/prva.hr\/index.php\/wp-json\/wp\/v2\/posts"}],"about":[{"href":"https:\/\/prva.hr\/index.php\/wp-json\/wp\/v2\/types\/post"}],"author":[{"embeddable":true,"href":"https:\/\/prva.hr\/index.php\/wp-json\/wp\/v2\/users\/1"}],"replies":[{"embeddable":true,"href":"https:\/\/prva.hr\/index.php\/wp-json\/wp\/v2\/comments?post=798"}],"version-history":[{"count":1,"href":"https:\/\/prva.hr\/index.php\/wp-json\/wp\/v2\/posts\/798\/revisions"}],"predecessor-version":[{"id":799,"href":"https:\/\/prva.hr\/index.php\/wp-json\/wp\/v2\/posts\/798\/revisions\/799"}],"wp:attachment":[{"href":"https:\/\/prva.hr\/index.php\/wp-json\/wp\/v2\/media?parent=798"}],"wp:term":[{"taxonomy":"category","embeddable":true,"href":"https:\/\/prva.hr\/index.php\/wp-json\/wp\/v2\/categories?post=798"},{"taxonomy":"post_tag","embeddable":true,"href":"https:\/\/prva.hr\/index.php\/wp-json\/wp\/v2\/tags?post=798"}],"curies":[{"name":"wp","href":"https:\/\/api.w.org\/{rel}","templated":true}]}}