{"id":800,"date":"2013-09-26T13:01:37","date_gmt":"2013-09-26T11:01:37","guid":{"rendered":"http:\/\/www2.prva.hr\/?p=800"},"modified":"2017-08-06T13:02:09","modified_gmt":"2017-08-06T11:02:09","slug":"europski-dan-jezika-26-rujna-2013","status":"publish","type":"post","link":"https:\/\/prva.hr\/index.php\/2013\/09\/26\/europski-dan-jezika-26-rujna-2013\/","title":{"rendered":"Europski dan jezika &#8211; 26. rujna 2013."},"content":{"rendered":"<p>Povodom Europskog dana jezika, 26. rujna 2013. organizirao se rap-koncert u Tvornici kulture. U\u010denici iz raznih \u0161kola mogli su se prijaviti na natje\u010daj i izvesti vlastite rap- pjesme na francuskom i njema\u010dkom jeziku.<\/p>\n<p>Na\u0161i u\u010denici Gregor Grga Cipek i Filip Sever osvojili su 1. mjesto s rap-pjesmom na francuskom jeziku. \u010cestitamo u\u010denicima i mentorici Tatjani Bano\u017ei\u0107!!!<\/p>\n<p><img decoding=\"async\" src=\"http:\/\/www.prva.hr\/images\/stories\/prva\/francuski1.bmp\" border=\"0\" \/><\/p>\n","protected":false},"excerpt":{"rendered":"<p>Povodom Europskog dana jezika, 26. rujna 2013. organizirao se rap-koncert u Tvornici kulture. U\u010denici iz raznih \u0161kola mogli su se prijaviti na natje\u010daj i izvesti vlastite rap- pjesme na francuskom i njema\u010dkom jeziku. Na\u0161i u\u010denici Gregor Grga Cipek i Filip Sever osvojili su 1. mjesto s rap-pjesmom na francuskom jeziku. \u010cestitamo u\u010denicima i mentorici Tatjani [&hellip;]<\/p>\n","protected":false},"author":1,"featured_media":0,"comment_status":"closed","ping_status":"closed","sticky":false,"template":"","format":"standard","meta":{"_et_pb_use_builder":"","_et_pb_old_content":"","_et_gb_content_width":"","footnotes":""},"categories":[9],"tags":[],"class_list":["post-800","post","type-post","status-publish","format-standard","hentry","category-arhiva"],"_links":{"self":[{"href":"https:\/\/prva.hr\/index.php\/wp-json\/wp\/v2\/posts\/800","targetHints":{"allow":["GET"]}}],"collection":[{"href":"https:\/\/prva.hr\/index.php\/wp-json\/wp\/v2\/posts"}],"about":[{"href":"https:\/\/prva.hr\/index.php\/wp-json\/wp\/v2\/types\/post"}],"author":[{"embeddable":true,"href":"https:\/\/prva.hr\/index.php\/wp-json\/wp\/v2\/users\/1"}],"replies":[{"embeddable":true,"href":"https:\/\/prva.hr\/index.php\/wp-json\/wp\/v2\/comments?post=800"}],"version-history":[{"count":1,"href":"https:\/\/prva.hr\/index.php\/wp-json\/wp\/v2\/posts\/800\/revisions"}],"predecessor-version":[{"id":801,"href":"https:\/\/prva.hr\/index.php\/wp-json\/wp\/v2\/posts\/800\/revisions\/801"}],"wp:attachment":[{"href":"https:\/\/prva.hr\/index.php\/wp-json\/wp\/v2\/media?parent=800"}],"wp:term":[{"taxonomy":"category","embeddable":true,"href":"https:\/\/prva.hr\/index.php\/wp-json\/wp\/v2\/categories?post=800"},{"taxonomy":"post_tag","embeddable":true,"href":"https:\/\/prva.hr\/index.php\/wp-json\/wp\/v2\/tags?post=800"}],"curies":[{"name":"wp","href":"https:\/\/api.w.org\/{rel}","templated":true}]}}