{"id":813,"date":"2013-11-15T13:20:39","date_gmt":"2013-11-15T12:20:39","guid":{"rendered":"http:\/\/www2.prva.hr\/?p=813"},"modified":"2017-08-06T13:21:30","modified_gmt":"2017-08-06T11:21:30","slug":"dan-sjecanja-na-zrtvu-vukovara","status":"publish","type":"post","link":"https:\/\/prva.hr\/index.php\/2013\/11\/15\/dan-sjecanja-na-zrtvu-vukovara\/","title":{"rendered":"Dan sje\u0107anja na \u017ertvu Vukovara"},"content":{"rendered":"<p><strong><em>DAN SJE\u0106ANJA NA \u017dRTVU VUKOVARA<\/em><\/strong><\/p>\n<p><strong>u I. gimnaziji<\/strong><\/p>\n<p><strong>\u00a0<\/strong><\/p>\n<p><strong>18. studenog 2013.<\/strong><\/p>\n<p><strong>\u00a0<\/strong><\/p>\n<p><em>&#8220;I re\u0107i \u0107u samo jo\u0161 jednu stvar, zapamtite Vukovar!&#8221;<\/em><\/p>\n<p>(Sini\u0161a Glava\u0161evi\u0107)<\/p>\n<hr \/>\n<p>Program obilje\u017eavanja Dana sje\u0107anja<\/p>\n<p>preuzmi <a href=\"http:\/\/www.prva.hr\/images\/pdf\/Vukovar_program(1).pdf\" target=\"_blank\">ovdje<\/a>.<\/p>\n","protected":false},"excerpt":{"rendered":"<p>DAN SJE\u0106ANJA NA \u017dRTVU VUKOVARA u I. gimnaziji \u00a0 18. studenog 2013. \u00a0 &#8220;I re\u0107i \u0107u samo jo\u0161 jednu stvar, zapamtite Vukovar!&#8221; (Sini\u0161a Glava\u0161evi\u0107) Program obilje\u017eavanja Dana sje\u0107anja preuzmi ovdje.<\/p>\n","protected":false},"author":1,"featured_media":0,"comment_status":"closed","ping_status":"closed","sticky":false,"template":"","format":"standard","meta":{"_et_pb_use_builder":"","_et_pb_old_content":"","_et_gb_content_width":"","footnotes":""},"categories":[9],"tags":[],"class_list":["post-813","post","type-post","status-publish","format-standard","hentry","category-arhiva"],"_links":{"self":[{"href":"https:\/\/prva.hr\/index.php\/wp-json\/wp\/v2\/posts\/813","targetHints":{"allow":["GET"]}}],"collection":[{"href":"https:\/\/prva.hr\/index.php\/wp-json\/wp\/v2\/posts"}],"about":[{"href":"https:\/\/prva.hr\/index.php\/wp-json\/wp\/v2\/types\/post"}],"author":[{"embeddable":true,"href":"https:\/\/prva.hr\/index.php\/wp-json\/wp\/v2\/users\/1"}],"replies":[{"embeddable":true,"href":"https:\/\/prva.hr\/index.php\/wp-json\/wp\/v2\/comments?post=813"}],"version-history":[{"count":1,"href":"https:\/\/prva.hr\/index.php\/wp-json\/wp\/v2\/posts\/813\/revisions"}],"predecessor-version":[{"id":814,"href":"https:\/\/prva.hr\/index.php\/wp-json\/wp\/v2\/posts\/813\/revisions\/814"}],"wp:attachment":[{"href":"https:\/\/prva.hr\/index.php\/wp-json\/wp\/v2\/media?parent=813"}],"wp:term":[{"taxonomy":"category","embeddable":true,"href":"https:\/\/prva.hr\/index.php\/wp-json\/wp\/v2\/categories?post=813"},{"taxonomy":"post_tag","embeddable":true,"href":"https:\/\/prva.hr\/index.php\/wp-json\/wp\/v2\/tags?post=813"}],"curies":[{"name":"wp","href":"https:\/\/api.w.org\/{rel}","templated":true}]}}