{"id":8135,"date":"2020-09-08T10:48:09","date_gmt":"2020-09-08T08:48:09","guid":{"rendered":"http:\/\/www.prva.hr\/?p=8135"},"modified":"2020-09-08T11:01:13","modified_gmt":"2020-09-08T09:01:13","slug":"raspored-sati-za-novu-skolsku-godinu","status":"publish","type":"post","link":"https:\/\/prva.hr\/index.php\/2020\/09\/08\/raspored-sati-za-novu-skolsku-godinu\/","title":{"rendered":"Raspored sati za novu \u0161kolsku godinu"},"content":{"rendered":"<p>Raspored sati za u\u010denike 1.a &#8211; 2.f mo\u017eete preuzeti <a href=\"https:\/\/www.prva.hr\/wp-content\/uploads\/2020\/09\/1.a-2.f.jpg\" target=\"_blank\" rel=\"noopener\">ovdje<\/a><\/p>\n<p>Raspored sati za u\u010denike 3.a &#8211; 4.f\u00a0mo\u017eete preuzeti <a href=\"https:\/\/www.prva.hr\/wp-content\/uploads\/2020\/09\/3.a-4.f.jpg\" target=\"_blank\" rel=\"noopener\">ovdje<\/a><\/p>\n<p>&nbsp;<\/p>\n<p>Raspored zvonjenja mo\u017eete preuzeti <a href=\"https:\/\/www.prva.hr\/wp-content\/uploads\/2020\/09\/zvonjenje.docx\" target=\"_blank\" rel=\"noopener\">ovdje<\/a><\/p>\n","protected":false},"excerpt":{"rendered":"<p>Raspored sati za u\u010denike 1.a &#8211; 2.f mo\u017eete preuzeti ovdje Raspored sati za u\u010denike 3.a &#8211; 4.f\u00a0mo\u017eete preuzeti ovdje &nbsp; Raspored zvonjenja mo\u017eete preuzeti ovdje<\/p>\n","protected":false},"author":7,"featured_media":0,"comment_status":"closed","ping_status":"closed","sticky":false,"template":"","format":"standard","meta":{"_et_pb_use_builder":"","_et_pb_old_content":"","_et_gb_content_width":"","footnotes":""},"categories":[4,28],"tags":[],"class_list":["post-8135","post","type-post","status-publish","format-standard","hentry","category-najnovije-vijesti","category-raspored-sati"],"_links":{"self":[{"href":"https:\/\/prva.hr\/index.php\/wp-json\/wp\/v2\/posts\/8135","targetHints":{"allow":["GET"]}}],"collection":[{"href":"https:\/\/prva.hr\/index.php\/wp-json\/wp\/v2\/posts"}],"about":[{"href":"https:\/\/prva.hr\/index.php\/wp-json\/wp\/v2\/types\/post"}],"author":[{"embeddable":true,"href":"https:\/\/prva.hr\/index.php\/wp-json\/wp\/v2\/users\/7"}],"replies":[{"embeddable":true,"href":"https:\/\/prva.hr\/index.php\/wp-json\/wp\/v2\/comments?post=8135"}],"version-history":[{"count":2,"href":"https:\/\/prva.hr\/index.php\/wp-json\/wp\/v2\/posts\/8135\/revisions"}],"predecessor-version":[{"id":8140,"href":"https:\/\/prva.hr\/index.php\/wp-json\/wp\/v2\/posts\/8135\/revisions\/8140"}],"wp:attachment":[{"href":"https:\/\/prva.hr\/index.php\/wp-json\/wp\/v2\/media?parent=8135"}],"wp:term":[{"taxonomy":"category","embeddable":true,"href":"https:\/\/prva.hr\/index.php\/wp-json\/wp\/v2\/categories?post=8135"},{"taxonomy":"post_tag","embeddable":true,"href":"https:\/\/prva.hr\/index.php\/wp-json\/wp\/v2\/tags?post=8135"}],"curies":[{"name":"wp","href":"https:\/\/api.w.org\/{rel}","templated":true}]}}