{"id":815,"date":"2013-11-21T13:21:42","date_gmt":"2013-11-21T12:21:42","guid":{"rendered":"http:\/\/www2.prva.hr\/?p=815"},"modified":"2017-08-06T13:22:19","modified_gmt":"2017-08-06T11:22:19","slug":"predstavljen-projekt-skola-poduzetnicke-konkurentnosti-na-trzistu-rada-za-gimnazijalce","status":"publish","type":"post","link":"https:\/\/prva.hr\/index.php\/2013\/11\/21\/predstavljen-projekt-skola-poduzetnicke-konkurentnosti-na-trzistu-rada-za-gimnazijalce\/","title":{"rendered":"Predstavljen projekt &#8220;\u0160kola poduzetni\u010dke konkurentnosti na tr\u017ei\u0161tu rada za gimnazijalce"},"content":{"rendered":"<h2 style=\"margin: 0px; text-align: left; color: #004b85; line-height: 16px; font-family: Georgia, 'Times new roman', serif;\">U srijedu, 20.11.2013., \u00a0predstavljen je projekt &#8216;\u0160kola poduzetni\u010dke konkurentnosti na tr\u017ei\u0161tu rada za gimnazijalce&#8217; na kojem je sudjelovao i ministar poduzetni\u0161tva i obrta Gordan Maras.<\/h2>\n<h2 style=\"margin: 0px; color: #004b85; line-height: 16px; font-family: Georgia, 'Times new roman', serif;\">\u0160kola poduzetni\u010dke konkurentnosti na tr\u017ei\u0161tu rada za gimnazijalce projekt je koji je osmislila i provodi I. gimnazija u partnerstvu s Drugom ekonomskom \u0161kolom \u00a0s ciljem unaprje\u0111enja hrvatske obrazovne svakodnevnice i davanja potpore razvoju Hrvatskog kvalifikacijskog okvira.\u00a0U projektu je rije\u010d o socijalnom poduzetni\u0161tvu koje u obzir uzima dru\u0161tvenu odgovornost tvrtki prema zajednici, visoka eti\u010dka na\u010dela u poslovanju, kao i intenzivnu brigu za okoli\u0161, za\u0161titu ljudskih prava i sveop\u0107u dobrobit zajednice i dru\u0161tva.<\/h2>\n<p>&nbsp;<\/p>\n<p><a href=\"http:\/\/www.minpo.hr\/default.aspx?id=488\" target=\"_blank\">\u010clanak objavljen na mre\u017enim stranicama Ministarstva poduzetni\u0161tva i obrta<\/a><\/p>\n<p><a href=\"http:\/\/dnevnik.hr\/vijesti\/hrvatska\/drugacija-generacija-poduzetnika-ucit-ce-ih-kako-ne-treba---312037.html\" target=\"_blank\">Projekt predstavljen u dnevniku Nove tv pod nazivom &#8220;Druga\u010dija generacija poduzetnika: U\u010diti \u0107e ih kako ne treba&#8221;<\/a><\/p>\n<p>&nbsp;<\/p>\n<p><img decoding=\"async\" data-src=\"http:\/\/www.prva.hr\/images\/pdf\/slika%201.JPG\" width=\"351\" height=\"234\" border=\"0\" src=\"data:image\/svg+xml;base64,PHN2ZyB3aWR0aD0iMSIgaGVpZ2h0PSIxIiB4bWxucz0iaHR0cDovL3d3dy53My5vcmcvMjAwMC9zdmciPjwvc3ZnPg==\" class=\"lazyload\" style=\"--smush-placeholder-width: 351px; --smush-placeholder-aspect-ratio: 351\/234;\" \/> <img decoding=\"async\" data-src=\"http:\/\/www.prva.hr\/images\/pdf\/slika%202.JPG\" width=\"351\" height=\"234\" border=\"0\" src=\"data:image\/svg+xml;base64,PHN2ZyB3aWR0aD0iMSIgaGVpZ2h0PSIxIiB4bWxucz0iaHR0cDovL3d3dy53My5vcmcvMjAwMC9zdmciPjwvc3ZnPg==\" class=\"lazyload\" style=\"--smush-placeholder-width: 351px; --smush-placeholder-aspect-ratio: 351\/234;\" \/><\/p>\n<p><img decoding=\"async\" data-src=\"http:\/\/www.prva.hr\/images\/pdf\/slika%203.JPG\" width=\"351\" height=\"234\" border=\"0\" src=\"data:image\/svg+xml;base64,PHN2ZyB3aWR0aD0iMSIgaGVpZ2h0PSIxIiB4bWxucz0iaHR0cDovL3d3dy53My5vcmcvMjAwMC9zdmciPjwvc3ZnPg==\" class=\"lazyload\" style=\"--smush-placeholder-width: 351px; --smush-placeholder-aspect-ratio: 351\/234;\" \/> <img decoding=\"async\" data-src=\"http:\/\/www.prva.hr\/images\/pdf\/slika%205.JPG\" width=\"351\" height=\"234\" border=\"0\" src=\"data:image\/svg+xml;base64,PHN2ZyB3aWR0aD0iMSIgaGVpZ2h0PSIxIiB4bWxucz0iaHR0cDovL3d3dy53My5vcmcvMjAwMC9zdmciPjwvc3ZnPg==\" class=\"lazyload\" style=\"--smush-placeholder-width: 351px; --smush-placeholder-aspect-ratio: 351\/234;\" \/><\/p>\n<p><span class=\"article_separator\">\u00a0<\/span><\/p>\n<div>\n<table class=\"contentpaneopen\">\n<tbody>\n<tr>\n<td class=\"contentheading\" width=\"100%\">Poziv na javno predstavljanje projekta &#8220;\u0160kola poduzetni\u010dke konkurentnosti na tr\u017ei\u0161tu rada za gimnazijalce&#8221;<\/td>\n<td class=\"buttonheading\" align=\"right\" width=\"100%\"><a title=\"Ispis\" href=\"http:\/\/www.prva.hr\/index.php?view=article&amp;id=1134:poziv-na-javno-predstavljanje-projekta-qkola-poduzetnike-konkurentnosti-na-tritu-rada-za-gimnazijalceq&amp;tmpl=component&amp;print=1&amp;layout=default&amp;page=\" rel=\"nofollow\"><img decoding=\"async\" data-src=\"http:\/\/www.prva.hr\/images\/M_images\/printButton.png\" alt=\"Ispis\" src=\"data:image\/svg+xml;base64,PHN2ZyB3aWR0aD0iMSIgaGVpZ2h0PSIxIiB4bWxucz0iaHR0cDovL3d3dy53My5vcmcvMjAwMC9zdmciPjwvc3ZnPg==\" class=\"lazyload\" \/><\/a><\/td>\n<\/tr>\n<\/tbody>\n<\/table>\n<table class=\"contentpaneopen\">\n<tbody>\n<tr>\n<td class=\"createdate\" colspan=\"2\" valign=\"top\">Ponedjeljak, 18 Studeni 2013 13:39<\/td>\n<\/tr>\n<tr>\n<td colspan=\"2\" valign=\"top\">I. gimnazija u partnerstvu s Drugom ekonomskom \u0161kolom\u00a0provodi\u00a0projekt &#8220;\u0160kola poduzetni\u010dke konkurentnosti na tr\u017ei\u0161tu rada za gimnazijalce&#8221;.<\/p>\n<p>Javno predstavljanje projekta odr\u017eat \u0107e se u srijedu, 20.11. s po\u010detkom u 13,00 sati. Poziv na javno predstavljanje, kao i program doga\u0111anja nalazi se u <a href=\"http:\/\/www.prva.hr\/images\/pdf\/Poziv%20na%20javno%20predstavljanje%20projekta.pdf\">prilogu<\/a>.<\/td>\n<\/tr>\n<\/tbody>\n<\/table>\n<\/div>\n","protected":false},"excerpt":{"rendered":"<p>U srijedu, 20.11.2013., \u00a0predstavljen je projekt &#8216;\u0160kola poduzetni\u010dke konkurentnosti na tr\u017ei\u0161tu rada za gimnazijalce&#8217; na kojem je sudjelovao i ministar poduzetni\u0161tva i obrta Gordan Maras. \u0160kola poduzetni\u010dke konkurentnosti na tr\u017ei\u0161tu rada za gimnazijalce projekt je koji je osmislila i provodi I. gimnazija u partnerstvu s Drugom ekonomskom \u0161kolom \u00a0s ciljem unaprje\u0111enja hrvatske obrazovne svakodnevnice i [&hellip;]<\/p>\n","protected":false},"author":1,"featured_media":0,"comment_status":"closed","ping_status":"closed","sticky":false,"template":"","format":"standard","meta":{"_et_pb_use_builder":"","_et_pb_old_content":"","_et_gb_content_width":"","footnotes":""},"categories":[9],"tags":[],"class_list":["post-815","post","type-post","status-publish","format-standard","hentry","category-arhiva"],"_links":{"self":[{"href":"https:\/\/prva.hr\/index.php\/wp-json\/wp\/v2\/posts\/815","targetHints":{"allow":["GET"]}}],"collection":[{"href":"https:\/\/prva.hr\/index.php\/wp-json\/wp\/v2\/posts"}],"about":[{"href":"https:\/\/prva.hr\/index.php\/wp-json\/wp\/v2\/types\/post"}],"author":[{"embeddable":true,"href":"https:\/\/prva.hr\/index.php\/wp-json\/wp\/v2\/users\/1"}],"replies":[{"embeddable":true,"href":"https:\/\/prva.hr\/index.php\/wp-json\/wp\/v2\/comments?post=815"}],"version-history":[{"count":1,"href":"https:\/\/prva.hr\/index.php\/wp-json\/wp\/v2\/posts\/815\/revisions"}],"predecessor-version":[{"id":816,"href":"https:\/\/prva.hr\/index.php\/wp-json\/wp\/v2\/posts\/815\/revisions\/816"}],"wp:attachment":[{"href":"https:\/\/prva.hr\/index.php\/wp-json\/wp\/v2\/media?parent=815"}],"wp:term":[{"taxonomy":"category","embeddable":true,"href":"https:\/\/prva.hr\/index.php\/wp-json\/wp\/v2\/categories?post=815"},{"taxonomy":"post_tag","embeddable":true,"href":"https:\/\/prva.hr\/index.php\/wp-json\/wp\/v2\/tags?post=815"}],"curies":[{"name":"wp","href":"https:\/\/api.w.org\/{rel}","templated":true}]}}