{"id":817,"date":"2013-11-26T13:22:39","date_gmt":"2013-11-26T12:22:39","guid":{"rendered":"http:\/\/www2.prva.hr\/?p=817"},"modified":"2017-08-06T13:23:01","modified_gmt":"2017-08-06T11:23:01","slug":"posjet-i-gimnazije-vukovaru-putevima-vukovarskih-branitelja","status":"publish","type":"post","link":"https:\/\/prva.hr\/index.php\/2013\/11\/26\/posjet-i-gimnazije-vukovaru-putevima-vukovarskih-branitelja\/","title":{"rendered":"Posjet I. gimnazije Vukovaru &#8211; &#8220;Putevima vukovarskih branitelja&#8221;"},"content":{"rendered":"<p>22. studenog oko 600 u\u010denika, nastavnika i ostalih djelatnika \u0161kole posjetili su Vukovar. Tijekom tog dana, uz stru\u010dne vodi\u010de, razgledali su Bolnicu- repliku ratne bolnice, Memorijalno groblje \u017ertvama iz Domovinskog rata gdje su u\u010denici polo\u017eili vijenac i zapalili svije\u0107e. Osim toga posjetili su vojarnu i muzej Domovinskog rata kao i Ov\u010daru- masovnu grobnicu i muzej posve\u0107en stradalim \u017ertvama.<\/p>\n<p>Nakon ru\u010dka uputili su se u samo sredi\u0161te grada gdje su mogli vidjeti nekoliko povijesnih gra\u0111evina i kri\u017e na u\u0161\u0107u rijeke Vuke. Posjet Vukovaru za u\u010denike je bio vrlo edukativan, a za neke i potresan kada su \u010duli ispri\u010dane doga\u0111aje iz tog ratnog razdoblja.<\/p>\n<p>&nbsp;<\/p>\n<p>&nbsp;<\/p>\n<p><img decoding=\"async\" data-src=\"http:\/\/www.prva.hr\/images\/pdf\/PB220386.JPG\" width=\"308\" height=\"231\" border=\"0\" src=\"data:image\/svg+xml;base64,PHN2ZyB3aWR0aD0iMSIgaGVpZ2h0PSIxIiB4bWxucz0iaHR0cDovL3d3dy53My5vcmcvMjAwMC9zdmciPjwvc3ZnPg==\" class=\"lazyload\" style=\"--smush-placeholder-width: 308px; --smush-placeholder-aspect-ratio: 308\/231;\" \/> <img decoding=\"async\" data-src=\"http:\/\/www.prva.hr\/images\/pdf\/PB220400.JPG\" width=\"308\" height=\"231\" border=\"0\" src=\"data:image\/svg+xml;base64,PHN2ZyB3aWR0aD0iMSIgaGVpZ2h0PSIxIiB4bWxucz0iaHR0cDovL3d3dy53My5vcmcvMjAwMC9zdmciPjwvc3ZnPg==\" class=\"lazyload\" style=\"--smush-placeholder-width: 308px; --smush-placeholder-aspect-ratio: 308\/231;\" \/><\/p>\n<p><img decoding=\"async\" data-src=\"http:\/\/www.prva.hr\/images\/pdf\/PB220412.JPG\" width=\"308\" height=\"231\" border=\"0\" src=\"data:image\/svg+xml;base64,PHN2ZyB3aWR0aD0iMSIgaGVpZ2h0PSIxIiB4bWxucz0iaHR0cDovL3d3dy53My5vcmcvMjAwMC9zdmciPjwvc3ZnPg==\" class=\"lazyload\" style=\"--smush-placeholder-width: 308px; --smush-placeholder-aspect-ratio: 308\/231;\" \/><\/p>\n<p><img decoding=\"async\" data-src=\"http:\/\/www.prva.hr\/images\/pdf\/PB220434.JPG\" width=\"231\" height=\"308\" border=\"0\" src=\"data:image\/svg+xml;base64,PHN2ZyB3aWR0aD0iMSIgaGVpZ2h0PSIxIiB4bWxucz0iaHR0cDovL3d3dy53My5vcmcvMjAwMC9zdmciPjwvc3ZnPg==\" class=\"lazyload\" style=\"--smush-placeholder-width: 231px; --smush-placeholder-aspect-ratio: 231\/308;\" \/><\/p>\n","protected":false},"excerpt":{"rendered":"<p>22. studenog oko 600 u\u010denika, nastavnika i ostalih djelatnika \u0161kole posjetili su Vukovar. Tijekom tog dana, uz stru\u010dne vodi\u010de, razgledali su Bolnicu- repliku ratne bolnice, Memorijalno groblje \u017ertvama iz Domovinskog rata gdje su u\u010denici polo\u017eili vijenac i zapalili svije\u0107e. Osim toga posjetili su vojarnu i muzej Domovinskog rata kao i Ov\u010daru- masovnu grobnicu i muzej [&hellip;]<\/p>\n","protected":false},"author":1,"featured_media":0,"comment_status":"closed","ping_status":"closed","sticky":false,"template":"","format":"standard","meta":{"_et_pb_use_builder":"","_et_pb_old_content":"","_et_gb_content_width":"","footnotes":""},"categories":[9],"tags":[],"class_list":["post-817","post","type-post","status-publish","format-standard","hentry","category-arhiva"],"_links":{"self":[{"href":"https:\/\/prva.hr\/index.php\/wp-json\/wp\/v2\/posts\/817","targetHints":{"allow":["GET"]}}],"collection":[{"href":"https:\/\/prva.hr\/index.php\/wp-json\/wp\/v2\/posts"}],"about":[{"href":"https:\/\/prva.hr\/index.php\/wp-json\/wp\/v2\/types\/post"}],"author":[{"embeddable":true,"href":"https:\/\/prva.hr\/index.php\/wp-json\/wp\/v2\/users\/1"}],"replies":[{"embeddable":true,"href":"https:\/\/prva.hr\/index.php\/wp-json\/wp\/v2\/comments?post=817"}],"version-history":[{"count":1,"href":"https:\/\/prva.hr\/index.php\/wp-json\/wp\/v2\/posts\/817\/revisions"}],"predecessor-version":[{"id":818,"href":"https:\/\/prva.hr\/index.php\/wp-json\/wp\/v2\/posts\/817\/revisions\/818"}],"wp:attachment":[{"href":"https:\/\/prva.hr\/index.php\/wp-json\/wp\/v2\/media?parent=817"}],"wp:term":[{"taxonomy":"category","embeddable":true,"href":"https:\/\/prva.hr\/index.php\/wp-json\/wp\/v2\/categories?post=817"},{"taxonomy":"post_tag","embeddable":true,"href":"https:\/\/prva.hr\/index.php\/wp-json\/wp\/v2\/tags?post=817"}],"curies":[{"name":"wp","href":"https:\/\/api.w.org\/{rel}","templated":true}]}}