{"id":821,"date":"2013-12-09T13:25:27","date_gmt":"2013-12-09T12:25:27","guid":{"rendered":"http:\/\/www2.prva.hr\/?p=821"},"modified":"2017-08-06T13:25:52","modified_gmt":"2017-08-06T11:25:52","slug":"ucenici-i-gimnazije-na-jedan-dan-postali-zastupnici-u-europskom-parlamentu","status":"publish","type":"post","link":"https:\/\/prva.hr\/index.php\/2013\/12\/09\/ucenici-i-gimnazije-na-jedan-dan-postali-zastupnici-u-europskom-parlamentu\/","title":{"rendered":"U\u010denici I. gimnazije na jedan dan postali zastupnici u Europskom parlamentu"},"content":{"rendered":"<p>Debatno natjecanje zapravo je bilo simulacija rada Europskog parlamenta koje je organizirao sam Parlament u okviru europskog programa Euroscola, a gdje su debatni timovi raspravljali o istim onim temama kojima su tijekom 2013. godine svoju pa\u017enju posve\u0107ivali zastupnici u Europskom parlamentu. Tako je i odlazak u Strasbourg bio puno vi\u0161e od obi\u010dnog turisti\u010dkog posjeta.<\/p>\n<p>Dana 2. prosinca 2013. godine Europski parlament ugostio je 28 timova iz 28 zemalja \u010dlanica Unije koji su sa sastojali od 24 u\u010denika i njihovih nastavnika. \u0160estotinjak u\u010denika razvrstano je u \u0161est skupina, a svaka je skupina obradila jednu temu od velike europske va\u017enosti te izabrala svog predstavnika koji je imao \u010dast sjesti na mjesto predsjedavaju\u0107ih u Parlamentu i iznijeti stajali\u0161te skupine o dodijeljenoj temi te dati svoj prijedlog novog zakona kojime bi se unaprijedila svakodnevnica vi\u0161e od 500 milijuna stanovnika Europske unije. Svakako valja istaknuti da je Hrvatska jedina zemlja koja se je uspjela izboriti za \u010dak dva od ukupno \u0161est mjesta predsjedavaju\u0107ih te su u\u010denici Mia Ere\u0161 (4.c) i Vjeran Pezdirc (3.c) ponosno govorili o vrlo slo\u017eenim temama iza najva\u017enije europske govornice, Mia o budu\u0107nosti Europe i Europske unije, a Vjeran o problemu s imigrantima i migracijama s kojima je EU ozbiljno suo\u010dena. U\u010denici iz Hrvatske posebno su se istaknuli i brojim konstruktivnim pitanjima koja su postavili kako predstavnicima administracije EU tako i u\u010denicima-zastupnicima za vrijeme rasprave na plenarnoj sjednici. Osim toga, dvoje na\u0161ih u\u010denika, Luka Nagli\u0107 (4.d) i Hana Berakovi\u0107 (3.b) sa svojim su skupinama pokazali najvi\u0161e znanja o samoj Europskoj uniji te su se plasirali u finale igre Eurogame u kojoj je skupina Luke Nagli\u0107a i pobijedila.<\/p>\n<p>Osim Europskog parlamenta, na\u0161i su u\u010denici posjetili i Vije\u0107e Europe te Me\u0111unarodni sud za ljudska prava, kao i kulturno-povijesne znamenitosti Strasbourga i Munchena. Kroz intenzivne pripreme za nastup u Europskom parlamentu u\u010denike je pripremao mentor prof. Igor Luki\u0107, a jezi\u010dnu pripremu u\u010denika odradila je prof. Lana Kova\u010d, koji su u\u010denike ujedno i pratili na njihovoj europskoj avanturi.<\/p>\n<p align=\"right\">Igor Luki\u0107, prof.<\/p>\n<p align=\"right\">\n<p><img decoding=\"async\" data-src=\"http:\/\/www.prva.hr\/images\/pdf\/Strasbourg1.JPG\" width=\"360\" height=\"240\" border=\"0\" src=\"data:image\/svg+xml;base64,PHN2ZyB3aWR0aD0iMSIgaGVpZ2h0PSIxIiB4bWxucz0iaHR0cDovL3d3dy53My5vcmcvMjAwMC9zdmciPjwvc3ZnPg==\" class=\"lazyload\" style=\"--smush-placeholder-width: 360px; --smush-placeholder-aspect-ratio: 360\/240;\" \/><\/p>\n<p><img decoding=\"async\" data-src=\"http:\/\/www.prva.hr\/images\/pdf\/Strasbourg2.JPG\" width=\"308\" height=\"206\" border=\"0\" src=\"data:image\/svg+xml;base64,PHN2ZyB3aWR0aD0iMSIgaGVpZ2h0PSIxIiB4bWxucz0iaHR0cDovL3d3dy53My5vcmcvMjAwMC9zdmciPjwvc3ZnPg==\" class=\"lazyload\" style=\"--smush-placeholder-width: 308px; --smush-placeholder-aspect-ratio: 308\/206;\" \/><\/p>\n<p><img decoding=\"async\" data-src=\"http:\/\/www.prva.hr\/images\/pdf\/Strasbourg4.JPG\" width=\"228\" height=\"274\" border=\"0\" src=\"data:image\/svg+xml;base64,PHN2ZyB3aWR0aD0iMSIgaGVpZ2h0PSIxIiB4bWxucz0iaHR0cDovL3d3dy53My5vcmcvMjAwMC9zdmciPjwvc3ZnPg==\" class=\"lazyload\" style=\"--smush-placeholder-width: 228px; --smush-placeholder-aspect-ratio: 228\/274;\" \/><\/p>\n<p><img decoding=\"async\" data-src=\"http:\/\/www.prva.hr\/images\/pdf\/Strasbourg5.JPG\" width=\"343\" height=\"228\" border=\"0\" src=\"data:image\/svg+xml;base64,PHN2ZyB3aWR0aD0iMSIgaGVpZ2h0PSIxIiB4bWxucz0iaHR0cDovL3d3dy53My5vcmcvMjAwMC9zdmciPjwvc3ZnPg==\" class=\"lazyload\" style=\"--smush-placeholder-width: 343px; --smush-placeholder-aspect-ratio: 343\/228;\" \/><\/p>\n<p><span class=\"article_separator\">\u00a0<\/span><\/p>\n","protected":false},"excerpt":{"rendered":"<p>Debatno natjecanje zapravo je bilo simulacija rada Europskog parlamenta koje je organizirao sam Parlament u okviru europskog programa Euroscola, a gdje su debatni timovi raspravljali o istim onim temama kojima su tijekom 2013. godine svoju pa\u017enju posve\u0107ivali zastupnici u Europskom parlamentu. Tako je i odlazak u Strasbourg bio puno vi\u0161e od obi\u010dnog turisti\u010dkog posjeta. Dana [&hellip;]<\/p>\n","protected":false},"author":1,"featured_media":0,"comment_status":"closed","ping_status":"closed","sticky":false,"template":"","format":"standard","meta":{"_et_pb_use_builder":"","_et_pb_old_content":"","_et_gb_content_width":"","footnotes":""},"categories":[9],"tags":[],"class_list":["post-821","post","type-post","status-publish","format-standard","hentry","category-arhiva"],"_links":{"self":[{"href":"https:\/\/prva.hr\/index.php\/wp-json\/wp\/v2\/posts\/821","targetHints":{"allow":["GET"]}}],"collection":[{"href":"https:\/\/prva.hr\/index.php\/wp-json\/wp\/v2\/posts"}],"about":[{"href":"https:\/\/prva.hr\/index.php\/wp-json\/wp\/v2\/types\/post"}],"author":[{"embeddable":true,"href":"https:\/\/prva.hr\/index.php\/wp-json\/wp\/v2\/users\/1"}],"replies":[{"embeddable":true,"href":"https:\/\/prva.hr\/index.php\/wp-json\/wp\/v2\/comments?post=821"}],"version-history":[{"count":1,"href":"https:\/\/prva.hr\/index.php\/wp-json\/wp\/v2\/posts\/821\/revisions"}],"predecessor-version":[{"id":822,"href":"https:\/\/prva.hr\/index.php\/wp-json\/wp\/v2\/posts\/821\/revisions\/822"}],"wp:attachment":[{"href":"https:\/\/prva.hr\/index.php\/wp-json\/wp\/v2\/media?parent=821"}],"wp:term":[{"taxonomy":"category","embeddable":true,"href":"https:\/\/prva.hr\/index.php\/wp-json\/wp\/v2\/categories?post=821"},{"taxonomy":"post_tag","embeddable":true,"href":"https:\/\/prva.hr\/index.php\/wp-json\/wp\/v2\/tags?post=821"}],"curies":[{"name":"wp","href":"https:\/\/api.w.org\/{rel}","templated":true}]}}