{"id":827,"date":"2014-01-14T13:30:56","date_gmt":"2014-01-14T12:30:56","guid":{"rendered":"http:\/\/www2.prva.hr\/?p=827"},"modified":"2017-08-06T13:31:28","modified_gmt":"2017-08-06T11:31:28","slug":"volonterski-klub-i-gimnazije-u-emisiji-hrvatska-uzivo","status":"publish","type":"post","link":"https:\/\/prva.hr\/index.php\/2014\/01\/14\/volonterski-klub-i-gimnazije-u-emisiji-hrvatska-uzivo\/","title":{"rendered":"Volonterski klub I. gimnazije u emisiji &#8220;Hrvatska u\u017eivo&#8221;"},"content":{"rendered":"<p>Voditeljica Volonterskog kluba, Marija Ga\u0161parovi\u0107, sudjelovala je u ponedjeljak 13.1.2014. godine u emisiji HTV1 \u201eHrvatska u\u017eivo\u201c. Govorila je o svom iskustvu volontiranja, osvojenom priznaju na pro\u0161logodi\u0161njem natje\u010daju Volonterskog centra Zagreb &#8211; Volonterski Oskar te brojnim\u00a0 vrijednim aktivnostima Volonterskog kluba I. gimnazije. Cijelu emisiju mo\u017eete pogledati na poveznici <a href=\"http:\/\/www.hrt.hr\/enz\/hrvatska-uzivo\/231936\/\">http:\/\/www.hrt.hr\/enz\/hrvatska-uzivo\/231936\/<\/a><\/p>\n<p>&nbsp;<\/p>\n<p><img decoding=\"async\" data-src=\"http:\/\/www.prva.hr\/images\/pdf\/m1-.JPG\" width=\"289\" height=\"210\" border=\"0\" src=\"data:image\/svg+xml;base64,PHN2ZyB3aWR0aD0iMSIgaGVpZ2h0PSIxIiB4bWxucz0iaHR0cDovL3d3dy53My5vcmcvMjAwMC9zdmciPjwvc3ZnPg==\" class=\"lazyload\" style=\"--smush-placeholder-width: 289px; --smush-placeholder-aspect-ratio: 289\/210;\" \/><\/p>\n<p>&nbsp;<\/p>\n<p><img decoding=\"async\" data-src=\"http:\/\/www.prva.hr\/images\/pdf\/m2-.JPG\" width=\"288\" height=\"210\" border=\"0\" src=\"data:image\/svg+xml;base64,PHN2ZyB3aWR0aD0iMSIgaGVpZ2h0PSIxIiB4bWxucz0iaHR0cDovL3d3dy53My5vcmcvMjAwMC9zdmciPjwvc3ZnPg==\" class=\"lazyload\" style=\"--smush-placeholder-width: 288px; --smush-placeholder-aspect-ratio: 288\/210;\" \/><\/p>\n","protected":false},"excerpt":{"rendered":"<p>Voditeljica Volonterskog kluba, Marija Ga\u0161parovi\u0107, sudjelovala je u ponedjeljak 13.1.2014. godine u emisiji HTV1 \u201eHrvatska u\u017eivo\u201c. Govorila je o svom iskustvu volontiranja, osvojenom priznaju na pro\u0161logodi\u0161njem natje\u010daju Volonterskog centra Zagreb &#8211; Volonterski Oskar te brojnim\u00a0 vrijednim aktivnostima Volonterskog kluba I. gimnazije. Cijelu emisiju mo\u017eete pogledati na poveznici http:\/\/www.hrt.hr\/enz\/hrvatska-uzivo\/231936\/ &nbsp; &nbsp;<\/p>\n","protected":false},"author":1,"featured_media":0,"comment_status":"closed","ping_status":"closed","sticky":false,"template":"","format":"standard","meta":{"_et_pb_use_builder":"","_et_pb_old_content":"","_et_gb_content_width":"","footnotes":""},"categories":[9],"tags":[],"class_list":["post-827","post","type-post","status-publish","format-standard","hentry","category-arhiva"],"_links":{"self":[{"href":"https:\/\/prva.hr\/index.php\/wp-json\/wp\/v2\/posts\/827","targetHints":{"allow":["GET"]}}],"collection":[{"href":"https:\/\/prva.hr\/index.php\/wp-json\/wp\/v2\/posts"}],"about":[{"href":"https:\/\/prva.hr\/index.php\/wp-json\/wp\/v2\/types\/post"}],"author":[{"embeddable":true,"href":"https:\/\/prva.hr\/index.php\/wp-json\/wp\/v2\/users\/1"}],"replies":[{"embeddable":true,"href":"https:\/\/prva.hr\/index.php\/wp-json\/wp\/v2\/comments?post=827"}],"version-history":[{"count":1,"href":"https:\/\/prva.hr\/index.php\/wp-json\/wp\/v2\/posts\/827\/revisions"}],"predecessor-version":[{"id":828,"href":"https:\/\/prva.hr\/index.php\/wp-json\/wp\/v2\/posts\/827\/revisions\/828"}],"wp:attachment":[{"href":"https:\/\/prva.hr\/index.php\/wp-json\/wp\/v2\/media?parent=827"}],"wp:term":[{"taxonomy":"category","embeddable":true,"href":"https:\/\/prva.hr\/index.php\/wp-json\/wp\/v2\/categories?post=827"},{"taxonomy":"post_tag","embeddable":true,"href":"https:\/\/prva.hr\/index.php\/wp-json\/wp\/v2\/tags?post=827"}],"curies":[{"name":"wp","href":"https:\/\/api.w.org\/{rel}","templated":true}]}}