{"id":8272,"date":"2020-10-02T13:48:09","date_gmt":"2020-10-02T11:48:09","guid":{"rendered":"http:\/\/www.prva.hr\/?p=8272"},"modified":"2020-10-02T14:01:55","modified_gmt":"2020-10-02T12:01:55","slug":"najbolji-razred-u-sk-godini-2019-20","status":"publish","type":"post","link":"https:\/\/prva.hr\/index.php\/2020\/10\/02\/najbolji-razred-u-sk-godini-2019-20\/","title":{"rendered":"Najbolji razred u \u0161k. godini 2019.\/20."},"content":{"rendered":"<p>Iako je pro\u0161la \u0161kolska godina bila po mnogo \u010demu druga\u010dija no sve ostale, ipak ima i ne\u0161to \u0161to se nije promijenilo. Na\u0161 3. b (pro\u0161logodi\u0161nji 2. b) drugu je godinu za redom najbolji razred I. gimnazije, a visoko drugo mjesto je ponovio i 3. a (pro\u0161logodi\u0161nji 2. a). \u010cestitke u\u010denicima i razrednicima!<\/p>\n","protected":false},"excerpt":{"rendered":"<p>Iako je pro\u0161la \u0161kolska godina bila po mnogo \u010demu druga\u010dija no sve ostale, ipak ima i ne\u0161to \u0161to se nije promijenilo. Na\u0161 3. b (pro\u0161logodi\u0161nji 2. b) drugu je godinu za redom najbolji razred I. gimnazije, a visoko drugo mjesto je ponovio i 3. a (pro\u0161logodi\u0161nji 2. a). \u010cestitke u\u010denicima i razrednicima!<\/p>\n","protected":false},"author":2,"featured_media":8273,"comment_status":"closed","ping_status":"closed","sticky":false,"template":"","format":"standard","meta":{"_et_pb_use_builder":"","_et_pb_old_content":"","_et_gb_content_width":"","footnotes":""},"categories":[65,4],"tags":[],"class_list":["post-8272","post","type-post","status-publish","format-standard","has-post-thumbnail","hentry","category-aktivnosti-projekti-promicanje-izvrsnosti","category-najnovije-vijesti"],"_links":{"self":[{"href":"https:\/\/prva.hr\/index.php\/wp-json\/wp\/v2\/posts\/8272","targetHints":{"allow":["GET"]}}],"collection":[{"href":"https:\/\/prva.hr\/index.php\/wp-json\/wp\/v2\/posts"}],"about":[{"href":"https:\/\/prva.hr\/index.php\/wp-json\/wp\/v2\/types\/post"}],"author":[{"embeddable":true,"href":"https:\/\/prva.hr\/index.php\/wp-json\/wp\/v2\/users\/2"}],"replies":[{"embeddable":true,"href":"https:\/\/prva.hr\/index.php\/wp-json\/wp\/v2\/comments?post=8272"}],"version-history":[{"count":2,"href":"https:\/\/prva.hr\/index.php\/wp-json\/wp\/v2\/posts\/8272\/revisions"}],"predecessor-version":[{"id":8275,"href":"https:\/\/prva.hr\/index.php\/wp-json\/wp\/v2\/posts\/8272\/revisions\/8275"}],"wp:featuredmedia":[{"embeddable":true,"href":"https:\/\/prva.hr\/index.php\/wp-json\/wp\/v2\/media\/8273"}],"wp:attachment":[{"href":"https:\/\/prva.hr\/index.php\/wp-json\/wp\/v2\/media?parent=8272"}],"wp:term":[{"taxonomy":"category","embeddable":true,"href":"https:\/\/prva.hr\/index.php\/wp-json\/wp\/v2\/categories?post=8272"},{"taxonomy":"post_tag","embeddable":true,"href":"https:\/\/prva.hr\/index.php\/wp-json\/wp\/v2\/tags?post=8272"}],"curies":[{"name":"wp","href":"https:\/\/api.w.org\/{rel}","templated":true}]}}