{"id":8290,"date":"2020-10-06T08:57:03","date_gmt":"2020-10-06T06:57:03","guid":{"rendered":"http:\/\/www.prva.hr\/?p=8290"},"modified":"2025-12-04T09:45:01","modified_gmt":"2025-12-04T08:45:01","slug":"stem-na-trecu-se-nastavlja","status":"publish","type":"post","link":"https:\/\/prva.hr\/index.php\/2020\/10\/06\/stem-na-trecu-se-nastavlja\/","title":{"rendered":"&#8220;Stem na tre\u0107u&#8221; se nastavlja!"},"content":{"rendered":"<h1>Erasmus+ KA229 &#8211;\u00a0 STEM<sup>3<\/sup> (2019.-2021.)<\/h1>\n<h2><strong>\u00a0<\/strong><\/h2>\n<h2><strong>1.\u00a0\u00a0\u00a0 <\/strong><strong>ZOOM sastanak koordinatora projekta \u201e STEM na tre\u0107u\u201c<\/strong><\/h2>\n<h2>Odr\u017ean je na daljinu <strong>30. 9. 2020. u 12:00 sati.<\/strong><\/h2>\n<h2>Sastanku su prisustvovali \u010dlanovi projektnih skupina iz \u010ce\u0161kih Budejovica (Danu\u0161a Lhotkova, Lucie Star\u010devska, Nina Kernerova, Kveta Tumova i novi kolega Pavel Soukup), Maribora (Zdravka Hajdinjak, Andreja Alati\u0107 i Darko Bri\u0161ki) i Zagreba (Maja Radi\u0107 Mehmedba\u0161i\u0107 i Snje\u017eana Liber).<\/h2>\n<p>&nbsp;<\/p>\n<p>Tema sastanka:<\/p>\n<ol>\n<li>Nastavak projekta \u201eStem na tre\u0107u\u201c<\/li>\n<\/ol>\n<ol start=\"2\">\n<li>Aktivnosti u svakoj \u0161koli u predstoje\u0107em periodu<\/li>\n<li>eTwinning<\/li>\n<li>Diseminacija<\/li>\n<\/ol>\n<p>Sredinom o\u017eujka u\u010denici Prve planirali su posjet i aktivnosti u mariborskoj I. gimnaziji zajedno sa kolegama iz \u010ce\u0161kih Budejovica. Zbog COVID-19 put je odgo\u0111en, a tako\u0111er i sve aktivnosti vezane za projekt su stavljene na \u010dekanje. Nakon vrlo neizvjesnog kraja \u0161kolske godine, rada na daljinu, aktivnosti vezane uz projekt STEM na tre\u0107u tako\u0111er su se odvijale u virtualnom svijetu putem platforme Loomen.<\/p>\n<p>Nova \u0161kolska godina donosi nove izazove i ponovno pokretanje projekta koji je dobio zeleno svjetlo da se sve aktivnosti pomaknu do 31. 8. 2022. godine. Planirane aktivnosti u listopadu i posjet mariborske I. gimnazije i \u010ce\u0161ko Angli\u010dke gimnazije iz \u010ce\u0161kih Budejovica prolongiran je u vrijeme kada \u0107e epidemiolo\u0161ka situacija to dozvoljavati.<\/p>\n<p>Ove \u0161kolske godine projekt nastavljamo s aktivnostima koje mo\u017eemo izvesti u okviru epidemiolo\u0161ke situacije izazvane bolesti Covid-19.<\/p>\n<p>Nastavljamo prikupljati i ispitivati uzorke, imaju\u0107i na umu sve epidemiolo\u0161ke mjere,\u00a0 da na teren izlaze samo u\u010denici istog razreda.<\/p>\n<p>Nastavljamo objavljivati svoje rezultate na eTwinningu, u \u0161koli, na webu i u \u0161iroj zajednici. Prikupljene rezultate uspore\u0111ivati \u0107emo na tromjese\u010dnoj razini s kolegama iz drugih dr\u017eava.<\/p>\n<p>Nadamo se da \u0107e se stanje normalizirati, prona\u0107i cjepivo za COVID-19 te da \u0107emo svoju suradnju nastaviti u planiranim aktivnostima a ne virtualnom svijetu. Sastanak je uspje\u0161no zavr\u0161en, te dogovoren sljede\u0107i termin sastanka u listopadu.<\/p>\n<p>&nbsp;<\/p>\n<h5><strong>\u00a0<\/strong><\/h5>\n<h5><strong>\u00a0<\/strong><\/h5>\n","protected":false},"excerpt":{"rendered":"<p>Erasmus+ KA229 &#8211;\u00a0 STEM3 (2019.-2021.) \u00a0 1.\u00a0\u00a0\u00a0 ZOOM sastanak koordinatora projekta \u201e STEM na tre\u0107u\u201c Odr\u017ean je na daljinu 30. 9. 2020. u 12:00 sati. Sastanku su prisustvovali \u010dlanovi projektnih skupina iz \u010ce\u0161kih Budejovica (Danu\u0161a Lhotkova, Lucie Star\u010devska, Nina Kernerova, Kveta Tumova i novi kolega Pavel Soukup), Maribora (Zdravka Hajdinjak, Andreja Alati\u0107 i Darko Bri\u0161ki) [&hellip;]<\/p>\n","protected":false},"author":2,"featured_media":8295,"comment_status":"closed","ping_status":"closed","sticky":false,"template":"","format":"standard","meta":{"_et_pb_use_builder":"","_et_pb_old_content":"","_et_gb_content_width":"","footnotes":""},"categories":[66,148],"tags":[],"class_list":["post-8290","post","type-post","status-publish","format-standard","has-post-thumbnail","hentry","category-aktivnosti-projekti-erasmus","category-erasmus-aktivnosti"],"_links":{"self":[{"href":"https:\/\/prva.hr\/index.php\/wp-json\/wp\/v2\/posts\/8290","targetHints":{"allow":["GET"]}}],"collection":[{"href":"https:\/\/prva.hr\/index.php\/wp-json\/wp\/v2\/posts"}],"about":[{"href":"https:\/\/prva.hr\/index.php\/wp-json\/wp\/v2\/types\/post"}],"author":[{"embeddable":true,"href":"https:\/\/prva.hr\/index.php\/wp-json\/wp\/v2\/users\/2"}],"replies":[{"embeddable":true,"href":"https:\/\/prva.hr\/index.php\/wp-json\/wp\/v2\/comments?post=8290"}],"version-history":[{"count":1,"href":"https:\/\/prva.hr\/index.php\/wp-json\/wp\/v2\/posts\/8290\/revisions"}],"predecessor-version":[{"id":8291,"href":"https:\/\/prva.hr\/index.php\/wp-json\/wp\/v2\/posts\/8290\/revisions\/8291"}],"wp:featuredmedia":[{"embeddable":true,"href":"https:\/\/prva.hr\/index.php\/wp-json\/wp\/v2\/media\/8295"}],"wp:attachment":[{"href":"https:\/\/prva.hr\/index.php\/wp-json\/wp\/v2\/media?parent=8290"}],"wp:term":[{"taxonomy":"category","embeddable":true,"href":"https:\/\/prva.hr\/index.php\/wp-json\/wp\/v2\/categories?post=8290"},{"taxonomy":"post_tag","embeddable":true,"href":"https:\/\/prva.hr\/index.php\/wp-json\/wp\/v2\/tags?post=8290"}],"curies":[{"name":"wp","href":"https:\/\/api.w.org\/{rel}","templated":true}]}}