{"id":835,"date":"2014-01-30T20:48:17","date_gmt":"2014-01-30T19:48:17","guid":{"rendered":"http:\/\/www2.prva.hr\/?p=835"},"modified":"2017-08-06T20:48:36","modified_gmt":"2017-08-06T18:48:36","slug":"ucenici-i-gimnazije-kod-gradonacelnika","status":"publish","type":"post","link":"https:\/\/prva.hr\/index.php\/2014\/01\/30\/ucenici-i-gimnazije-kod-gradonacelnika\/","title":{"rendered":"U\u010denici I. gimnazije kod gradona\u010delnika"},"content":{"rendered":"<p>Gradona\u010delnik Milan Bandi\u0107 primio je u Gradskoj upravi maturante I. gimnazije, polaznike fakultativne nastave iz Politike i gospodarstva, koji su do\u0161li u pratnji profesorice Zlate Pa\u0161tar. Susret je organiziran na inicijativu u\u010denika, kako bi se u sklopu terenske nastave \u2013 posjete va\u017enim institucijama i tijelima &#8211; na licu mjesta upoznali s na\u010dinom njihova funkcioniranja.<br \/>\nU opu\u0161tenoj atmosferi, gradona\u010delnik je rado odgovarao na brojna u\u010deni\u010dka pitanja, pa ih je tako upoznao s planovima za gradnju tramvajske pruge od Kvaternikovog trga do Zra\u010dne luke i s projektom izmije\u0161tanja tre\u0161njeva\u010dke remize na rubni dio grada, a goste je zanimalo i ustrojstvo Gradske uprave, na\u010din rada Gradona\u010delnika, problem nedovr\u0161ene Sveu\u010dili\u0161ne bolnice u Blatu, te me\u0111u ostalim, ure\u0111enje zelene povr\u0161ine pored novozagreba\u010dke Mamutice i ure\u0111enje Trga Pravde. Posebna tema bila su napu\u0161tena industrijska postrojenja kao zgrade Paromlina i kompleks Badel.<\/p>\n<p>Uz napomenu da budu uporni i ustrajni, kako na fakultetu, tako i u \u017eivotu, gradona\u010delnik je svojim mladim gostima savjetovao da se, ako se namjeravaju baviti politikom, \u0161to prije uklju\u010de u javni \u017eivot.<\/p>\n<p>Suradnici gradona\u010delnika, zamjenica Sandra \u0160valjek, pro\u010delnik za obrazovanje Ivica Lovri\u0107 i posebna vi\u0161a savjetnica Biserka Buckovi\u0107, upoznali su goste s ustrojstvom i funkcioniranjem grada i gradskih slu\u017ebi.<\/p>\n<p>\u010clanak je preuzet sa slu\u017ebene stranice Grada Zagreba <a href=\"http:\/\/www.zagreb.hr\/default.aspx?id=60603\" target=\"_blank\">http:\/\/www.zagreb.hr\/default.aspx?id=60603<\/a><\/p>\n<p>&nbsp;<\/p>\n<p><img decoding=\"async\" data-src=\"http:\/\/www.prva.hr\/images\/pdf\/g3.JPG\" width=\"415\" height=\"276\" border=\"0\" src=\"data:image\/svg+xml;base64,PHN2ZyB3aWR0aD0iMSIgaGVpZ2h0PSIxIiB4bWxucz0iaHR0cDovL3d3dy53My5vcmcvMjAwMC9zdmciPjwvc3ZnPg==\" class=\"lazyload\" style=\"--smush-placeholder-width: 415px; --smush-placeholder-aspect-ratio: 415\/276;\" \/><\/p>\n","protected":false},"excerpt":{"rendered":"<p>Gradona\u010delnik Milan Bandi\u0107 primio je u Gradskoj upravi maturante I. gimnazije, polaznike fakultativne nastave iz Politike i gospodarstva, koji su do\u0161li u pratnji profesorice Zlate Pa\u0161tar. Susret je organiziran na inicijativu u\u010denika, kako bi se u sklopu terenske nastave \u2013 posjete va\u017enim institucijama i tijelima &#8211; na licu mjesta upoznali s na\u010dinom njihova funkcioniranja. U [&hellip;]<\/p>\n","protected":false},"author":1,"featured_media":0,"comment_status":"closed","ping_status":"closed","sticky":false,"template":"","format":"standard","meta":{"_et_pb_use_builder":"","_et_pb_old_content":"","_et_gb_content_width":"","footnotes":""},"categories":[9],"tags":[],"class_list":["post-835","post","type-post","status-publish","format-standard","hentry","category-arhiva"],"_links":{"self":[{"href":"https:\/\/prva.hr\/index.php\/wp-json\/wp\/v2\/posts\/835","targetHints":{"allow":["GET"]}}],"collection":[{"href":"https:\/\/prva.hr\/index.php\/wp-json\/wp\/v2\/posts"}],"about":[{"href":"https:\/\/prva.hr\/index.php\/wp-json\/wp\/v2\/types\/post"}],"author":[{"embeddable":true,"href":"https:\/\/prva.hr\/index.php\/wp-json\/wp\/v2\/users\/1"}],"replies":[{"embeddable":true,"href":"https:\/\/prva.hr\/index.php\/wp-json\/wp\/v2\/comments?post=835"}],"version-history":[{"count":1,"href":"https:\/\/prva.hr\/index.php\/wp-json\/wp\/v2\/posts\/835\/revisions"}],"predecessor-version":[{"id":836,"href":"https:\/\/prva.hr\/index.php\/wp-json\/wp\/v2\/posts\/835\/revisions\/836"}],"wp:attachment":[{"href":"https:\/\/prva.hr\/index.php\/wp-json\/wp\/v2\/media?parent=835"}],"wp:term":[{"taxonomy":"category","embeddable":true,"href":"https:\/\/prva.hr\/index.php\/wp-json\/wp\/v2\/categories?post=835"},{"taxonomy":"post_tag","embeddable":true,"href":"https:\/\/prva.hr\/index.php\/wp-json\/wp\/v2\/tags?post=835"}],"curies":[{"name":"wp","href":"https:\/\/api.w.org\/{rel}","templated":true}]}}