{"id":837,"date":"2014-02-25T20:48:47","date_gmt":"2014-02-25T19:48:47","guid":{"rendered":"http:\/\/www2.prva.hr\/?p=837"},"modified":"2017-08-06T20:49:04","modified_gmt":"2017-08-06T18:49:04","slug":"volonterski-klub-i-gimnazije-dan-ruzicastih-majica","status":"publish","type":"post","link":"https:\/\/prva.hr\/index.php\/2014\/02\/25\/volonterski-klub-i-gimnazije-dan-ruzicastih-majica\/","title":{"rendered":"VOLONTERSKI KLUB I. GIMNAZIJE \u2013 DAN RU\u017dI\u010cASTIH MAJICA"},"content":{"rendered":"<p>Volonerski klub I. gimnazije poziva sve u\u010denike i djelatnike \u0161kole da se <strong>u srijedu 26. velja\u010de 2014. godine<\/strong> pridru\u017ee obilje\u017eavanju <strong>Dana ru\u017ei\u010dastih majica<\/strong>. Ideja je nastala u Kanadi, u znak protesta na incident nasilja koji se dogodio na prvi dan \u0161kole u Nova Scotiji kada su dva u\u010denika koja su nosila ru\u017ei\u010daste majice zbog toga bili \u017ertve nasilja. Od ove godine, Dan ru\u017ei\u010dastih majica obilje\u017eava se i u Hrvatskoj, a doga\u0111aj je pokrenuo Centar za edukaciju i prevenciju nasilja. Na Dan ru\u017ei\u010dastih majica provode se razli\u010dite aktivnosti u kojima sudjeluju sve odgojno-obrazovne ustanove i svi oni koji \u017eele podr\u017eati borbu protiv nasilja me\u0111u vr\u0161njacima. Sudionici nose bilo koji odjevni predmet ru\u017ei\u010daste boje \u2013 majice, hla\u010de, tenisice, prsten, narukvice, nau\u0161nice i sl., te samostalno ili grupno kreiraju poruke koji govore o borbi protiv nasilja.<\/p>\n<p>Vi\u0161e informacija dostupno je na linkovima &gt; <a href=\"http:\/\/www.youtube.com\/watch?v=_QE-Axx8tEY&amp;feature=youtu.be\" target=\"_blank\">http:\/\/www.youtube.com\/watch?v=_QE-Axx8tEY&amp;feature=youtu.be<\/a> + <a href=\"http:\/\/www.cepn.hr\/dan-ruzicastih-majica\/\">http:\/\/www.cepn.hr\/dan-ruzicastih-majica\/<\/a><\/p>\n<p>&nbsp;<\/p>\n<p><img decoding=\"async\" data-src=\"http:\/\/www.prva.hr\/images\/pdf\/dan%20ruzicastih%20majica.JPG\" width=\"247\" height=\"74\" border=\"0\" src=\"data:image\/svg+xml;base64,PHN2ZyB3aWR0aD0iMSIgaGVpZ2h0PSIxIiB4bWxucz0iaHR0cDovL3d3dy53My5vcmcvMjAwMC9zdmciPjwvc3ZnPg==\" class=\"lazyload\" style=\"--smush-placeholder-width: 247px; --smush-placeholder-aspect-ratio: 247\/74;\" \/><\/p>\n","protected":false},"excerpt":{"rendered":"<p>Volonerski klub I. gimnazije poziva sve u\u010denike i djelatnike \u0161kole da se u srijedu 26. velja\u010de 2014. godine pridru\u017ee obilje\u017eavanju Dana ru\u017ei\u010dastih majica. Ideja je nastala u Kanadi, u znak protesta na incident nasilja koji se dogodio na prvi dan \u0161kole u Nova Scotiji kada su dva u\u010denika koja su nosila ru\u017ei\u010daste majice zbog toga [&hellip;]<\/p>\n","protected":false},"author":1,"featured_media":0,"comment_status":"closed","ping_status":"closed","sticky":false,"template":"","format":"standard","meta":{"_et_pb_use_builder":"","_et_pb_old_content":"","_et_gb_content_width":"","footnotes":""},"categories":[9],"tags":[],"class_list":["post-837","post","type-post","status-publish","format-standard","hentry","category-arhiva"],"_links":{"self":[{"href":"https:\/\/prva.hr\/index.php\/wp-json\/wp\/v2\/posts\/837","targetHints":{"allow":["GET"]}}],"collection":[{"href":"https:\/\/prva.hr\/index.php\/wp-json\/wp\/v2\/posts"}],"about":[{"href":"https:\/\/prva.hr\/index.php\/wp-json\/wp\/v2\/types\/post"}],"author":[{"embeddable":true,"href":"https:\/\/prva.hr\/index.php\/wp-json\/wp\/v2\/users\/1"}],"replies":[{"embeddable":true,"href":"https:\/\/prva.hr\/index.php\/wp-json\/wp\/v2\/comments?post=837"}],"version-history":[{"count":1,"href":"https:\/\/prva.hr\/index.php\/wp-json\/wp\/v2\/posts\/837\/revisions"}],"predecessor-version":[{"id":838,"href":"https:\/\/prva.hr\/index.php\/wp-json\/wp\/v2\/posts\/837\/revisions\/838"}],"wp:attachment":[{"href":"https:\/\/prva.hr\/index.php\/wp-json\/wp\/v2\/media?parent=837"}],"wp:term":[{"taxonomy":"category","embeddable":true,"href":"https:\/\/prva.hr\/index.php\/wp-json\/wp\/v2\/categories?post=837"},{"taxonomy":"post_tag","embeddable":true,"href":"https:\/\/prva.hr\/index.php\/wp-json\/wp\/v2\/tags?post=837"}],"curies":[{"name":"wp","href":"https:\/\/api.w.org\/{rel}","templated":true}]}}