{"id":841,"date":"2014-02-27T20:49:43","date_gmt":"2014-02-27T19:49:43","guid":{"rendered":"http:\/\/www2.prva.hr\/?p=841"},"modified":"2017-08-06T20:50:01","modified_gmt":"2017-08-06T18:50:01","slug":"prva-gimnazija-obiljezila-dan-ruzicastih-majica","status":"publish","type":"post","link":"https:\/\/prva.hr\/index.php\/2014\/02\/27\/prva-gimnazija-obiljezila-dan-ruzicastih-majica\/","title":{"rendered":"Prva gimnazija obilje\u017eila Dan ru\u017ei\u010dastih majica"},"content":{"rendered":"<p>U srijedu, 26.2.2014.godine u I. gimnaziji po prvi je put obilje\u017een <strong>Dan ru\u017ei\u010dastih majica<\/strong>. Dan na koji se no\u0161enjem ru\u017ei\u010dastih odjevnih predmeta obilje\u017eava borba protiv vr\u0161nja\u010dkog nasilja Volonterski klub obilje\u017eio je \u0161tandom u prizemlju \u0161kole na kojem su pod velikim odmorom dijelili ru\u017ei\u010daste bombone te promotivne materijale. Osim volontera, Dan ru\u017ei\u010dastih majica podr\u017eali su i brojni u\u010denici te djelatnici \u0161kole.<\/p>\n<p>&nbsp;<\/p>\n<p><img decoding=\"async\" data-src=\"http:\/\/www.prva.hr\/images\/pdf\/r.JPG\" width=\"160\" height=\"120\" border=\"0\" src=\"data:image\/svg+xml;base64,PHN2ZyB3aWR0aD0iMSIgaGVpZ2h0PSIxIiB4bWxucz0iaHR0cDovL3d3dy53My5vcmcvMjAwMC9zdmciPjwvc3ZnPg==\" class=\"lazyload\" style=\"--smush-placeholder-width: 160px; --smush-placeholder-aspect-ratio: 160\/120;\" \/> <img decoding=\"async\" data-src=\"http:\/\/www.prva.hr\/images\/pdf\/r1.JPG\" width=\"160\" height=\"120\" border=\"0\" src=\"data:image\/svg+xml;base64,PHN2ZyB3aWR0aD0iMSIgaGVpZ2h0PSIxIiB4bWxucz0iaHR0cDovL3d3dy53My5vcmcvMjAwMC9zdmciPjwvc3ZnPg==\" class=\"lazyload\" style=\"--smush-placeholder-width: 160px; --smush-placeholder-aspect-ratio: 160\/120;\" \/> <img decoding=\"async\" data-src=\"http:\/\/www.prva.hr\/images\/pdf\/r2.JPG\" width=\"160\" height=\"120\" border=\"0\" src=\"data:image\/svg+xml;base64,PHN2ZyB3aWR0aD0iMSIgaGVpZ2h0PSIxIiB4bWxucz0iaHR0cDovL3d3dy53My5vcmcvMjAwMC9zdmciPjwvc3ZnPg==\" class=\"lazyload\" style=\"--smush-placeholder-width: 160px; --smush-placeholder-aspect-ratio: 160\/120;\" \/><\/p>\n","protected":false},"excerpt":{"rendered":"<p>U srijedu, 26.2.2014.godine u I. gimnaziji po prvi je put obilje\u017een Dan ru\u017ei\u010dastih majica. Dan na koji se no\u0161enjem ru\u017ei\u010dastih odjevnih predmeta obilje\u017eava borba protiv vr\u0161nja\u010dkog nasilja Volonterski klub obilje\u017eio je \u0161tandom u prizemlju \u0161kole na kojem su pod velikim odmorom dijelili ru\u017ei\u010daste bombone te promotivne materijale. Osim volontera, Dan ru\u017ei\u010dastih majica podr\u017eali su i [&hellip;]<\/p>\n","protected":false},"author":1,"featured_media":0,"comment_status":"closed","ping_status":"closed","sticky":false,"template":"","format":"standard","meta":{"_et_pb_use_builder":"","_et_pb_old_content":"","_et_gb_content_width":"","footnotes":""},"categories":[9],"tags":[],"class_list":["post-841","post","type-post","status-publish","format-standard","hentry","category-arhiva"],"_links":{"self":[{"href":"https:\/\/prva.hr\/index.php\/wp-json\/wp\/v2\/posts\/841","targetHints":{"allow":["GET"]}}],"collection":[{"href":"https:\/\/prva.hr\/index.php\/wp-json\/wp\/v2\/posts"}],"about":[{"href":"https:\/\/prva.hr\/index.php\/wp-json\/wp\/v2\/types\/post"}],"author":[{"embeddable":true,"href":"https:\/\/prva.hr\/index.php\/wp-json\/wp\/v2\/users\/1"}],"replies":[{"embeddable":true,"href":"https:\/\/prva.hr\/index.php\/wp-json\/wp\/v2\/comments?post=841"}],"version-history":[{"count":1,"href":"https:\/\/prva.hr\/index.php\/wp-json\/wp\/v2\/posts\/841\/revisions"}],"predecessor-version":[{"id":842,"href":"https:\/\/prva.hr\/index.php\/wp-json\/wp\/v2\/posts\/841\/revisions\/842"}],"wp:attachment":[{"href":"https:\/\/prva.hr\/index.php\/wp-json\/wp\/v2\/media?parent=841"}],"wp:term":[{"taxonomy":"category","embeddable":true,"href":"https:\/\/prva.hr\/index.php\/wp-json\/wp\/v2\/categories?post=841"},{"taxonomy":"post_tag","embeddable":true,"href":"https:\/\/prva.hr\/index.php\/wp-json\/wp\/v2\/tags?post=841"}],"curies":[{"name":"wp","href":"https:\/\/api.w.org\/{rel}","templated":true}]}}