{"id":8426,"date":"2020-11-04T10:35:36","date_gmt":"2020-11-04T09:35:36","guid":{"rendered":"http:\/\/www.prva.hr\/?p=8426"},"modified":"2020-11-04T10:35:42","modified_gmt":"2020-11-04T09:35:42","slug":"natjecaj-zaklade-marin-cilic-za-donacije-i-stipendije","status":"publish","type":"post","link":"https:\/\/prva.hr\/index.php\/2020\/11\/04\/natjecaj-zaklade-marin-cilic-za-donacije-i-stipendije\/","title":{"rendered":"Natje\u010daj Zaklade Marin \u010cili\u0107 za donacije i stipendije"},"content":{"rendered":"<p>U tijeku je <strong>Natje\u010daj Zaklade\u00a0 Marin \u010cili\u0107<\/strong>\u00a0za donacije u <strong>opremanju \u0161kolskih laboratorija<\/strong> te <strong>stipendiranj<\/strong>e talentiranih\u00a0glazbenika srednjih \u0161kola i mladih sporta\u0161a individualnih olimpijskih sportova.<\/p>\n<p>Natje\u010daj je otvoren do <strong>nedjelje 8. studenoga 2020.<\/strong><\/p>\n<p>Vi\u0161e na poveznici:\u00a0<a href=\"https:\/\/marincilic.com\/hr\/zaklada\/\" target=\"_blank\" rel=\"noopener\" data-saferedirecturl=\"https:\/\/www.google.com\/url?q=https:\/\/marincilic.com\/hr\/zaklada\/&amp;source=gmail&amp;ust=1604566465547000&amp;usg=AFQjCNElkeWMxVkZVorq7Cneklpq7PcQrw\">https:\/\/marincilic.com\/hr\/<wbr \/>zaklada\/<\/a><\/p>\n","protected":false},"excerpt":{"rendered":"<p>U tijeku je Natje\u010daj Zaklade\u00a0 Marin \u010cili\u0107\u00a0za donacije u opremanju \u0161kolskih laboratorija te stipendiranje talentiranih\u00a0glazbenika srednjih \u0161kola i mladih sporta\u0161a individualnih olimpijskih sportova. Natje\u010daj je otvoren do nedjelje 8. studenoga 2020. Vi\u0161e na poveznici:\u00a0https:\/\/marincilic.com\/hr\/zaklada\/<\/p>\n","protected":false},"author":6,"featured_media":0,"comment_status":"closed","ping_status":"closed","sticky":false,"template":"","format":"standard","meta":{"_et_pb_use_builder":"","_et_pb_old_content":"","_et_gb_content_width":"","footnotes":""},"categories":[14],"tags":[],"class_list":["post-8426","post","type-post","status-publish","format-standard","hentry","category-dogadanja-izvan-skole"],"_links":{"self":[{"href":"https:\/\/prva.hr\/index.php\/wp-json\/wp\/v2\/posts\/8426","targetHints":{"allow":["GET"]}}],"collection":[{"href":"https:\/\/prva.hr\/index.php\/wp-json\/wp\/v2\/posts"}],"about":[{"href":"https:\/\/prva.hr\/index.php\/wp-json\/wp\/v2\/types\/post"}],"author":[{"embeddable":true,"href":"https:\/\/prva.hr\/index.php\/wp-json\/wp\/v2\/users\/6"}],"replies":[{"embeddable":true,"href":"https:\/\/prva.hr\/index.php\/wp-json\/wp\/v2\/comments?post=8426"}],"version-history":[{"count":1,"href":"https:\/\/prva.hr\/index.php\/wp-json\/wp\/v2\/posts\/8426\/revisions"}],"predecessor-version":[{"id":8427,"href":"https:\/\/prva.hr\/index.php\/wp-json\/wp\/v2\/posts\/8426\/revisions\/8427"}],"wp:attachment":[{"href":"https:\/\/prva.hr\/index.php\/wp-json\/wp\/v2\/media?parent=8426"}],"wp:term":[{"taxonomy":"category","embeddable":true,"href":"https:\/\/prva.hr\/index.php\/wp-json\/wp\/v2\/categories?post=8426"},{"taxonomy":"post_tag","embeddable":true,"href":"https:\/\/prva.hr\/index.php\/wp-json\/wp\/v2\/tags?post=8426"}],"curies":[{"name":"wp","href":"https:\/\/api.w.org\/{rel}","templated":true}]}}