{"id":843,"date":"2014-03-12T20:50:12","date_gmt":"2014-03-12T19:50:12","guid":{"rendered":"http:\/\/www2.prva.hr\/?p=843"},"modified":"2017-08-06T20:50:36","modified_gmt":"2017-08-06T18:50:36","slug":"total-rock-world-nulti-koncert-vrijeme-da-se-krene","status":"publish","type":"post","link":"https:\/\/prva.hr\/index.php\/2014\/03\/12\/total-rock-world-nulti-koncert-vrijeme-da-se-krene\/","title":{"rendered":"TOTAL ROCK WORLD &#8211; NULTI KONCERT VRIJEME DA SE KRENE"},"content":{"rendered":"<p>U sklopu trodnevne rock manifestacije Nulti koncert, koja se odr\u017eava u Zagrebu, prva ve\u010der (28. velja\u010de) bila je rezervirana za srednjo\u0161kolske bendove. Od 10 grupa koje su nastupile, na\u0161u \u0161kolu su predstavljala \u010dak 2 banda. Prema ocjenama \u017eirija mu\u0161ki \u0161kolski band The Blacktops bio je me\u0111u \u010detiri najbolja banda. Uz njih nastupilo je \u017eenski band Saharoza koji je bio jedini \u017eenski band na manifestaciji. The Blacktops su imali \u010dast nastupiti jo\u0161 jednom, tre\u0107eg dana rock manifestacije.<\/p>\n<p>&nbsp;<\/p>\n<p><img decoding=\"async\" data-src=\"http:\/\/www.prva.hr\/images\/pdf\/mb1.JPG\" width=\"344\" height=\"228\" border=\"0\" src=\"data:image\/svg+xml;base64,PHN2ZyB3aWR0aD0iMSIgaGVpZ2h0PSIxIiB4bWxucz0iaHR0cDovL3d3dy53My5vcmcvMjAwMC9zdmciPjwvc3ZnPg==\" class=\"lazyload\" style=\"--smush-placeholder-width: 344px; --smush-placeholder-aspect-ratio: 344\/228;\" \/><\/p>\n<p><img decoding=\"async\" data-src=\"http:\/\/www.prva.hr\/images\/pdf\/zb1.JPG\" width=\"305\" height=\"183\" border=\"0\" src=\"data:image\/svg+xml;base64,PHN2ZyB3aWR0aD0iMSIgaGVpZ2h0PSIxIiB4bWxucz0iaHR0cDovL3d3dy53My5vcmcvMjAwMC9zdmciPjwvc3ZnPg==\" class=\"lazyload\" style=\"--smush-placeholder-width: 305px; --smush-placeholder-aspect-ratio: 305\/183;\" \/><\/p>\n<p><img decoding=\"async\" data-src=\"http:\/\/www.prva.hr\/images\/pdf\/zb2.JPG\" width=\"344\" height=\"187\" border=\"0\" src=\"data:image\/svg+xml;base64,PHN2ZyB3aWR0aD0iMSIgaGVpZ2h0PSIxIiB4bWxucz0iaHR0cDovL3d3dy53My5vcmcvMjAwMC9zdmciPjwvc3ZnPg==\" class=\"lazyload\" style=\"--smush-placeholder-width: 344px; --smush-placeholder-aspect-ratio: 344\/187;\" \/><\/p>\n","protected":false},"excerpt":{"rendered":"<p>U sklopu trodnevne rock manifestacije Nulti koncert, koja se odr\u017eava u Zagrebu, prva ve\u010der (28. velja\u010de) bila je rezervirana za srednjo\u0161kolske bendove. Od 10 grupa koje su nastupile, na\u0161u \u0161kolu su predstavljala \u010dak 2 banda. Prema ocjenama \u017eirija mu\u0161ki \u0161kolski band The Blacktops bio je me\u0111u \u010detiri najbolja banda. Uz njih nastupilo je \u017eenski band [&hellip;]<\/p>\n","protected":false},"author":1,"featured_media":0,"comment_status":"closed","ping_status":"closed","sticky":false,"template":"","format":"standard","meta":{"_et_pb_use_builder":"","_et_pb_old_content":"","_et_gb_content_width":"","footnotes":""},"categories":[9],"tags":[],"class_list":["post-843","post","type-post","status-publish","format-standard","hentry","category-arhiva"],"_links":{"self":[{"href":"https:\/\/prva.hr\/index.php\/wp-json\/wp\/v2\/posts\/843","targetHints":{"allow":["GET"]}}],"collection":[{"href":"https:\/\/prva.hr\/index.php\/wp-json\/wp\/v2\/posts"}],"about":[{"href":"https:\/\/prva.hr\/index.php\/wp-json\/wp\/v2\/types\/post"}],"author":[{"embeddable":true,"href":"https:\/\/prva.hr\/index.php\/wp-json\/wp\/v2\/users\/1"}],"replies":[{"embeddable":true,"href":"https:\/\/prva.hr\/index.php\/wp-json\/wp\/v2\/comments?post=843"}],"version-history":[{"count":1,"href":"https:\/\/prva.hr\/index.php\/wp-json\/wp\/v2\/posts\/843\/revisions"}],"predecessor-version":[{"id":844,"href":"https:\/\/prva.hr\/index.php\/wp-json\/wp\/v2\/posts\/843\/revisions\/844"}],"wp:attachment":[{"href":"https:\/\/prva.hr\/index.php\/wp-json\/wp\/v2\/media?parent=843"}],"wp:term":[{"taxonomy":"category","embeddable":true,"href":"https:\/\/prva.hr\/index.php\/wp-json\/wp\/v2\/categories?post=843"},{"taxonomy":"post_tag","embeddable":true,"href":"https:\/\/prva.hr\/index.php\/wp-json\/wp\/v2\/tags?post=843"}],"curies":[{"name":"wp","href":"https:\/\/api.w.org\/{rel}","templated":true}]}}