{"id":849,"date":"2014-04-01T20:52:30","date_gmt":"2014-04-01T18:52:30","guid":{"rendered":"http:\/\/www2.prva.hr\/?p=849"},"modified":"2017-08-06T20:52:50","modified_gmt":"2017-08-06T18:52:50","slug":"fantastican-uspjeh-nasih-badmintonasa","status":"publish","type":"post","link":"https:\/\/prva.hr\/index.php\/2014\/04\/01\/fantastican-uspjeh-nasih-badmintonasa\/","title":{"rendered":"FANTASTI\u010cAN USPJEH NA\u0160IH BADMINTONA\u0160A"},"content":{"rendered":"<p><strong>26. i 28. 3. 2014.<\/strong> badminton reprezentacije (mu\u0161ka i \u017eenska) nastupile su na prvenstvu Zagreba.<\/p>\n<p>\u017denska ekipa (Bruna Duspara, Patricija Pribeg, Marija Banek i Lea Gredelj Kova\u010di\u0107) bile su uspje\u0161ne u 1. kolu no zaustavljene su u \u010detvrtfinalu.<\/p>\n<p>U mu\u0161koj konkurenciji smo zato oti\u0161li do samog kraja. Ve\u0107 prvog dana prvenstva moglo se naslutiti da je ovo \u201ena\u0161a godina\u201c te su de\u010dki pro\u0161etali do polufinala. I u konkurenciji 4 ekipa bez pote\u0161ko\u0107a pobijedili su sve utakmice i osvojili naslov prvaka. To ujedno zna\u010di i plasman na Dr\u017eavno natjecanje gdje \u0107emo predstavljati grad Zagreb. Taj fantasti\u010dan uspjeh mo\u017eemo zahvaliti Borni Drvodeli\u0107u, Dominiku Bezi\u0107u, Marku Pekasu i Ivanu Bilu\u0161i\u0107u.<\/p>\n<p>&nbsp;<\/p>\n<p><img decoding=\"async\" data-src=\"http:\/\/www.prva.hr\/images\/pdf\/m-badminton.JPG\" width=\"244\" height=\"183\" border=\"0\" src=\"data:image\/svg+xml;base64,PHN2ZyB3aWR0aD0iMSIgaGVpZ2h0PSIxIiB4bWxucz0iaHR0cDovL3d3dy53My5vcmcvMjAwMC9zdmciPjwvc3ZnPg==\" class=\"lazyload\" style=\"--smush-placeholder-width: 244px; --smush-placeholder-aspect-ratio: 244\/183;\" \/><\/p>\n<p>&nbsp;<\/p>\n<p>&nbsp;<\/p>\n<p>&nbsp;<\/p>\n<p>Meri Matu\u0161an<\/p>\n","protected":false},"excerpt":{"rendered":"<p>26. i 28. 3. 2014. badminton reprezentacije (mu\u0161ka i \u017eenska) nastupile su na prvenstvu Zagreba. \u017denska ekipa (Bruna Duspara, Patricija Pribeg, Marija Banek i Lea Gredelj Kova\u010di\u0107) bile su uspje\u0161ne u 1. kolu no zaustavljene su u \u010detvrtfinalu. U mu\u0161koj konkurenciji smo zato oti\u0161li do samog kraja. Ve\u0107 prvog dana prvenstva moglo se naslutiti da [&hellip;]<\/p>\n","protected":false},"author":1,"featured_media":0,"comment_status":"closed","ping_status":"closed","sticky":false,"template":"","format":"standard","meta":{"_et_pb_use_builder":"","_et_pb_old_content":"","_et_gb_content_width":"","footnotes":""},"categories":[9],"tags":[],"class_list":["post-849","post","type-post","status-publish","format-standard","hentry","category-arhiva"],"_links":{"self":[{"href":"https:\/\/prva.hr\/index.php\/wp-json\/wp\/v2\/posts\/849","targetHints":{"allow":["GET"]}}],"collection":[{"href":"https:\/\/prva.hr\/index.php\/wp-json\/wp\/v2\/posts"}],"about":[{"href":"https:\/\/prva.hr\/index.php\/wp-json\/wp\/v2\/types\/post"}],"author":[{"embeddable":true,"href":"https:\/\/prva.hr\/index.php\/wp-json\/wp\/v2\/users\/1"}],"replies":[{"embeddable":true,"href":"https:\/\/prva.hr\/index.php\/wp-json\/wp\/v2\/comments?post=849"}],"version-history":[{"count":1,"href":"https:\/\/prva.hr\/index.php\/wp-json\/wp\/v2\/posts\/849\/revisions"}],"predecessor-version":[{"id":850,"href":"https:\/\/prva.hr\/index.php\/wp-json\/wp\/v2\/posts\/849\/revisions\/850"}],"wp:attachment":[{"href":"https:\/\/prva.hr\/index.php\/wp-json\/wp\/v2\/media?parent=849"}],"wp:term":[{"taxonomy":"category","embeddable":true,"href":"https:\/\/prva.hr\/index.php\/wp-json\/wp\/v2\/categories?post=849"},{"taxonomy":"post_tag","embeddable":true,"href":"https:\/\/prva.hr\/index.php\/wp-json\/wp\/v2\/tags?post=849"}],"curies":[{"name":"wp","href":"https:\/\/api.w.org\/{rel}","templated":true}]}}