{"id":8573,"date":"2023-11-30T10:35:00","date_gmt":"2023-11-30T09:35:00","guid":{"rendered":"http:\/\/www.prva.hr\/?p=8573"},"modified":"2026-01-05T14:03:03","modified_gmt":"2026-01-05T13:03:03","slug":"medunarodna-inicijativa-dabar","status":"publish","type":"post","link":"https:\/\/prva.hr\/index.php\/2023\/11\/30\/medunarodna-inicijativa-dabar\/","title":{"rendered":"Me\u0111unarodna inicijativa Dabar"},"content":{"rendered":"<p>Me\u0111unarodna inicijativa Dabar (natjecanje iz informatike i ra\u010dunalnog razmi\u0161ljanja) u Hrvatskoj provodi se od 2016. godine.<\/p>\n<p>I.gimnazija sudjeluje u natjecanju od samog po\u010detka. Uspjeh na\u0161ih u\u010denika svake godine sve je bolji. Ove godine u 10% najboljih plasirala su se 23 u\u010denika. Raduje nas \u0161to se me\u0111u najboljima nalaze u\u010denici svih generacija.<\/p>\n<p>\u010cestitke u\u010denicima na osvojenoj zlatnoj diplomi.<\/p>\n<p>Za organizaciju i provedbu natjecanja bila je zadu\u017eena profesorica Gordana Sekuli\u0107-\u0160tiv\u010devi\u0107.<\/p>\n<p>&nbsp;<\/p>\n<p>1.b &#8211; Zara Dautovi\u0107, Lena Dinkovi\u0107, Anja Makek, Klarisa Staji\u0107<\/p>\n<p>1.c \u2013 Lucija Vukoja<\/p>\n<p>1.d \u2013 Dan Kobasi\u0107<\/p>\n<p>2.b \u2013 Roko \u010cubri\u0107<\/p>\n<p>2.f \u2013 Karlo Ignjatovi\u0107, Karlo Ostoji\u0107<\/p>\n<p>3.b \u2013 Emac Adamec, Vida Fioli\u0107, Matej Gavri\u0107, Lovro Kopa\u010d, Kristian L\u00f6vey, Magdalena Mandi\u0107, Ivan Seferovi\u0107<\/p>\n<p>4.b \u2013 Marta Bracanovi\u0107, Rina Ga\u0161pi\u0107, Ana Grubi\u0161i\u0107, Luka Nol, Marin Vrdoljak, Luka Zirdum<\/p>\n<p>4.e &#8211; Lucija Topolko<\/p>\n<p><img decoding=\"async\" class=\"alignnone size-full wp-image-8574 lazyload\" data-src=\"https:\/\/www.prva.hr\/wp-content\/uploads\/2020\/11\/Zlatna-diploma-Dabar.png\" alt=\"\" width=\"232\" height=\"189\" src=\"data:image\/svg+xml;base64,PHN2ZyB3aWR0aD0iMSIgaGVpZ2h0PSIxIiB4bWxucz0iaHR0cDovL3d3dy53My5vcmcvMjAwMC9zdmciPjwvc3ZnPg==\" style=\"--smush-placeholder-width: 232px; --smush-placeholder-aspect-ratio: 232\/189;\" \/><\/p>\n","protected":false},"excerpt":{"rendered":"<p>Me\u0111unarodna inicijativa Dabar (natjecanje iz informatike i ra\u010dunalnog razmi\u0161ljanja) u Hrvatskoj provodi se od 2016. godine. I.gimnazija sudjeluje u natjecanju od samog po\u010detka. Uspjeh na\u0161ih u\u010denika svake godine sve je bolji. Ove godine u 10% najboljih plasirala su se 23 u\u010denika. Raduje nas \u0161to se me\u0111u najboljima nalaze u\u010denici svih generacija. \u010cestitke u\u010denicima na osvojenoj [&hellip;]<\/p>\n","protected":false},"author":5,"featured_media":0,"comment_status":"closed","ping_status":"closed","sticky":false,"template":"","format":"standard","meta":{"_et_pb_use_builder":"","_et_pb_old_content":"","_et_gb_content_width":"","footnotes":""},"categories":[4,1],"tags":[],"class_list":["post-8573","post","type-post","status-publish","format-standard","hentry","category-najnovije-vijesti","category-nekategorizirano"],"_links":{"self":[{"href":"https:\/\/prva.hr\/index.php\/wp-json\/wp\/v2\/posts\/8573","targetHints":{"allow":["GET"]}}],"collection":[{"href":"https:\/\/prva.hr\/index.php\/wp-json\/wp\/v2\/posts"}],"about":[{"href":"https:\/\/prva.hr\/index.php\/wp-json\/wp\/v2\/types\/post"}],"author":[{"embeddable":true,"href":"https:\/\/prva.hr\/index.php\/wp-json\/wp\/v2\/users\/5"}],"replies":[{"embeddable":true,"href":"https:\/\/prva.hr\/index.php\/wp-json\/wp\/v2\/comments?post=8573"}],"version-history":[{"count":4,"href":"https:\/\/prva.hr\/index.php\/wp-json\/wp\/v2\/posts\/8573\/revisions"}],"predecessor-version":[{"id":22622,"href":"https:\/\/prva.hr\/index.php\/wp-json\/wp\/v2\/posts\/8573\/revisions\/22622"}],"wp:attachment":[{"href":"https:\/\/prva.hr\/index.php\/wp-json\/wp\/v2\/media?parent=8573"}],"wp:term":[{"taxonomy":"category","embeddable":true,"href":"https:\/\/prva.hr\/index.php\/wp-json\/wp\/v2\/categories?post=8573"},{"taxonomy":"post_tag","embeddable":true,"href":"https:\/\/prva.hr\/index.php\/wp-json\/wp\/v2\/tags?post=8573"}],"curies":[{"name":"wp","href":"https:\/\/api.w.org\/{rel}","templated":true}]}}