{"id":859,"date":"2014-04-24T21:04:02","date_gmt":"2014-04-24T19:04:02","guid":{"rendered":"http:\/\/www2.prva.hr\/?p=859"},"modified":"2017-08-06T21:04:19","modified_gmt":"2017-08-06T19:04:19","slug":"projekt-europe-moves-me","status":"publish","type":"post","link":"https:\/\/prva.hr\/index.php\/2014\/04\/24\/projekt-europe-moves-me\/","title":{"rendered":"Projekt &#8220;Europe Moves (Me)&#8221;"},"content":{"rendered":"<p><span id=\"fbPhotoSnowliftCaption\" style=\"width: auto; line-height: 18px; font-family: Helvetica, Arial, 'lucida grande', tahoma, verdana, arial, sans-serif; font-size: 13px; display: inline;\">U\u010denici <span style=\"line-height: 18px; font-family: Helvetica, Arial, 'lucida grande', tahoma, verdana, arial, sans-serif; font-size: 13px;\">I. i IV. gimnazije sudjelovali su na trilateralnom projektu \u201cEurope Moves (Me)\u201c gdje su imali priliku upoznati i hrvatskog zastupnika u Europskom Parlamentu Andreja Plenkovi\u0107a <\/span>gdje im je zastupnik govorio o radu parlamenta i ulozi zastupnika. U\u010denici su bili predvo\u0111eni <span id=\"fbPhotoSnowliftCaption\">profesoricom IV. gimnazije \u017deljkom Polan te stru\u010dnom savjetnicom u Gradskom uredu za obrazovanje, kulturu i \u0161port Grada Zagreba, Katarinom Milkovi\u0107.<\/span><span id=\"fbPhotoSnowliftTagList\" style=\"line-height: 18px; font-family: Helvetica, Arial, 'lucida grande', tahoma, verdana, arial, sans-serif; font-size: 13px; display: inline;\"> <\/span><\/span><\/p>\n<p><img decoding=\"async\" data-src=\"http:\/\/www.prva.hr\/images\/pdf\/Strasbourg1.JPG\" width=\"240\" height=\"184\" border=\"0\" src=\"data:image\/svg+xml;base64,PHN2ZyB3aWR0aD0iMSIgaGVpZ2h0PSIxIiB4bWxucz0iaHR0cDovL3d3dy53My5vcmcvMjAwMC9zdmciPjwvc3ZnPg==\" class=\"lazyload\" style=\"--smush-placeholder-width: 240px; --smush-placeholder-aspect-ratio: 240\/184;\" \/><\/p>\n","protected":false},"excerpt":{"rendered":"<p>U\u010denici I. i IV. gimnazije sudjelovali su na trilateralnom projektu \u201cEurope Moves (Me)\u201c gdje su imali priliku upoznati i hrvatskog zastupnika u Europskom Parlamentu Andreja Plenkovi\u0107a gdje im je zastupnik govorio o radu parlamenta i ulozi zastupnika. U\u010denici su bili predvo\u0111eni profesoricom IV. gimnazije \u017deljkom Polan te stru\u010dnom savjetnicom u Gradskom uredu za obrazovanje, kulturu [&hellip;]<\/p>\n","protected":false},"author":1,"featured_media":0,"comment_status":"closed","ping_status":"closed","sticky":false,"template":"","format":"standard","meta":{"_et_pb_use_builder":"","_et_pb_old_content":"","_et_gb_content_width":"","footnotes":""},"categories":[9],"tags":[],"class_list":["post-859","post","type-post","status-publish","format-standard","hentry","category-arhiva"],"_links":{"self":[{"href":"https:\/\/prva.hr\/index.php\/wp-json\/wp\/v2\/posts\/859","targetHints":{"allow":["GET"]}}],"collection":[{"href":"https:\/\/prva.hr\/index.php\/wp-json\/wp\/v2\/posts"}],"about":[{"href":"https:\/\/prva.hr\/index.php\/wp-json\/wp\/v2\/types\/post"}],"author":[{"embeddable":true,"href":"https:\/\/prva.hr\/index.php\/wp-json\/wp\/v2\/users\/1"}],"replies":[{"embeddable":true,"href":"https:\/\/prva.hr\/index.php\/wp-json\/wp\/v2\/comments?post=859"}],"version-history":[{"count":1,"href":"https:\/\/prva.hr\/index.php\/wp-json\/wp\/v2\/posts\/859\/revisions"}],"predecessor-version":[{"id":860,"href":"https:\/\/prva.hr\/index.php\/wp-json\/wp\/v2\/posts\/859\/revisions\/860"}],"wp:attachment":[{"href":"https:\/\/prva.hr\/index.php\/wp-json\/wp\/v2\/media?parent=859"}],"wp:term":[{"taxonomy":"category","embeddable":true,"href":"https:\/\/prva.hr\/index.php\/wp-json\/wp\/v2\/categories?post=859"},{"taxonomy":"post_tag","embeddable":true,"href":"https:\/\/prva.hr\/index.php\/wp-json\/wp\/v2\/tags?post=859"}],"curies":[{"name":"wp","href":"https:\/\/api.w.org\/{rel}","templated":true}]}}