{"id":861,"date":"2014-04-24T21:05:32","date_gmt":"2014-04-24T19:05:32","guid":{"rendered":"http:\/\/www2.prva.hr\/?p=861"},"modified":"2017-08-06T21:05:51","modified_gmt":"2017-08-06T19:05:51","slug":"zelena-cistka","status":"publish","type":"post","link":"https:\/\/prva.hr\/index.php\/2014\/04\/24\/zelena-cistka\/","title":{"rendered":"Zelena \u010distka"},"content":{"rendered":"<p><img decoding=\"async\" data-src=\"http:\/\/www.prva.hr\/images\/pdf\/zelena-cistka.JPG\" width=\"225\" height=\"181\" border=\"0\" src=\"data:image\/svg+xml;base64,PHN2ZyB3aWR0aD0iMSIgaGVpZ2h0PSIxIiB4bWxucz0iaHR0cDovL3d3dy53My5vcmcvMjAwMC9zdmciPjwvc3ZnPg==\" class=\"lazyload\" style=\"--smush-placeholder-width: 225px; --smush-placeholder-aspect-ratio: 225\/181;\" \/><\/p>\n<p>Ve\u0107 tre\u0107u godinu u Hrvatskoj organizira se akcija Zelena \u010distka.\u00a0Zajedni\u010dka jednodnevna akcija \u010di\u0161\u0107enja divljih odlagali\u0161ta otpada <em>Zelena \u010distka<\/em> najve\u0107i je ekolo\u0161ki volonterski projekt u Hrvatskoj.\u00a0Stoga \u0107emo <strong>26. travnja 2014.<\/strong> godine udru\u017eiti napore kako bi pokazali koliko nam je va\u017ean okoli\u0161 i priroda, te \u0161to sve mo\u017eemo i spremni smo u\u010diniti u samo jednom danu. Vi\u0161e o samom projektu mo\u017eete pro\u010ditati <a href=\"http:\/\/www.zelena-cistka.org\/\" target=\"_blank\">ovdje<\/a> ili <a href=\"https:\/\/www.youtube.com\/watch?v=eGx54Gfw494\" target=\"_blank\">pogledati promotivni video<\/a>.<\/p>\n<p>Mole se u\u010denici da ponesu \u010dvr\u0161\u0107e rukavice te obu\u0107u i odje\u0107u primjerenu vremenu i akciji.<\/p>\n<p><a href=\"http:\/\/www.prva.hr\/images\/pdf\/vremenik%20dogadanja.doc\" target=\"_blank\">PROGRAM ODR\u017dAVANJA EKOLO\u0160KE AKCIJE &#8220;ZELENA \u010cISTKA&#8221; U \u00a0I.\u00a0GIMNAZIJI<\/a><\/p>\n","protected":false},"excerpt":{"rendered":"<p>Ve\u0107 tre\u0107u godinu u Hrvatskoj organizira se akcija Zelena \u010distka.\u00a0Zajedni\u010dka jednodnevna akcija \u010di\u0161\u0107enja divljih odlagali\u0161ta otpada Zelena \u010distka najve\u0107i je ekolo\u0161ki volonterski projekt u Hrvatskoj.\u00a0Stoga \u0107emo 26. travnja 2014. godine udru\u017eiti napore kako bi pokazali koliko nam je va\u017ean okoli\u0161 i priroda, te \u0161to sve mo\u017eemo i spremni smo u\u010diniti u samo jednom danu. Vi\u0161e [&hellip;]<\/p>\n","protected":false},"author":1,"featured_media":0,"comment_status":"closed","ping_status":"closed","sticky":false,"template":"","format":"standard","meta":{"_et_pb_use_builder":"","_et_pb_old_content":"","_et_gb_content_width":"","footnotes":""},"categories":[9],"tags":[],"class_list":["post-861","post","type-post","status-publish","format-standard","hentry","category-arhiva"],"_links":{"self":[{"href":"https:\/\/prva.hr\/index.php\/wp-json\/wp\/v2\/posts\/861","targetHints":{"allow":["GET"]}}],"collection":[{"href":"https:\/\/prva.hr\/index.php\/wp-json\/wp\/v2\/posts"}],"about":[{"href":"https:\/\/prva.hr\/index.php\/wp-json\/wp\/v2\/types\/post"}],"author":[{"embeddable":true,"href":"https:\/\/prva.hr\/index.php\/wp-json\/wp\/v2\/users\/1"}],"replies":[{"embeddable":true,"href":"https:\/\/prva.hr\/index.php\/wp-json\/wp\/v2\/comments?post=861"}],"version-history":[{"count":1,"href":"https:\/\/prva.hr\/index.php\/wp-json\/wp\/v2\/posts\/861\/revisions"}],"predecessor-version":[{"id":862,"href":"https:\/\/prva.hr\/index.php\/wp-json\/wp\/v2\/posts\/861\/revisions\/862"}],"wp:attachment":[{"href":"https:\/\/prva.hr\/index.php\/wp-json\/wp\/v2\/media?parent=861"}],"wp:term":[{"taxonomy":"category","embeddable":true,"href":"https:\/\/prva.hr\/index.php\/wp-json\/wp\/v2\/categories?post=861"},{"taxonomy":"post_tag","embeddable":true,"href":"https:\/\/prva.hr\/index.php\/wp-json\/wp\/v2\/tags?post=861"}],"curies":[{"name":"wp","href":"https:\/\/api.w.org\/{rel}","templated":true}]}}