{"id":8619,"date":"2020-12-03T12:36:34","date_gmt":"2020-12-03T11:36:34","guid":{"rendered":"http:\/\/www.prva.hr\/?p=8619"},"modified":"2020-12-03T12:37:42","modified_gmt":"2020-12-03T11:37:42","slug":"registrirana-zaklada-i-gimnazije-akica","status":"publish","type":"post","link":"https:\/\/prva.hr\/index.php\/2020\/12\/03\/registrirana-zaklada-i-gimnazije-akica\/","title":{"rendered":"Registrirana Zaklada I. gimnazije Akica"},"content":{"rendered":"<p>I. gimnazija je jedna od rijetkih \u0161kola koja ima svoju zakladu. Na\u0161a zaklada namijenjena je pru\u017eanju potpore za \u0161kolovanje u\u010denika slabijeg imovinskog statusa na po\u010detku studija dodjeljivanjem nov\u010dane potpore. Zove se Zaklada I. gimnazije Akica prema nadimku g\u0111e Ivanke Canki koja nam je oporu\u010dno ostavila sredstva za rad Zaklade. Prve stipendije dodijelit \u0107e se u kolovozu 2021. i za njih \u0107e se mo\u0107i prijavljivati maturanti.<\/p>\n","protected":false},"excerpt":{"rendered":"<p>I. gimnazija je jedna od rijetkih \u0161kola koja ima svoju zakladu. Na\u0161a zaklada namijenjena je pru\u017eanju potpore za \u0161kolovanje u\u010denika slabijeg imovinskog statusa na po\u010detku studija dodjeljivanjem nov\u010dane potpore. Zove se Zaklada I. gimnazije Akica prema nadimku g\u0111e Ivanke Canki koja nam je oporu\u010dno ostavila sredstva za rad Zaklade. Prve stipendije dodijelit \u0107e se u [&hellip;]<\/p>\n","protected":false},"author":2,"featured_media":0,"comment_status":"closed","ping_status":"closed","sticky":false,"template":"","format":"standard","meta":{"_et_pb_use_builder":"","_et_pb_old_content":"","_et_gb_content_width":"","footnotes":""},"categories":[6,79],"tags":[],"class_list":["post-8619","post","type-post","status-publish","format-standard","hentry","category-aktualna-dogadanja","category-zaklada"],"_links":{"self":[{"href":"https:\/\/prva.hr\/index.php\/wp-json\/wp\/v2\/posts\/8619","targetHints":{"allow":["GET"]}}],"collection":[{"href":"https:\/\/prva.hr\/index.php\/wp-json\/wp\/v2\/posts"}],"about":[{"href":"https:\/\/prva.hr\/index.php\/wp-json\/wp\/v2\/types\/post"}],"author":[{"embeddable":true,"href":"https:\/\/prva.hr\/index.php\/wp-json\/wp\/v2\/users\/2"}],"replies":[{"embeddable":true,"href":"https:\/\/prva.hr\/index.php\/wp-json\/wp\/v2\/comments?post=8619"}],"version-history":[{"count":1,"href":"https:\/\/prva.hr\/index.php\/wp-json\/wp\/v2\/posts\/8619\/revisions"}],"predecessor-version":[{"id":8620,"href":"https:\/\/prva.hr\/index.php\/wp-json\/wp\/v2\/posts\/8619\/revisions\/8620"}],"wp:attachment":[{"href":"https:\/\/prva.hr\/index.php\/wp-json\/wp\/v2\/media?parent=8619"}],"wp:term":[{"taxonomy":"category","embeddable":true,"href":"https:\/\/prva.hr\/index.php\/wp-json\/wp\/v2\/categories?post=8619"},{"taxonomy":"post_tag","embeddable":true,"href":"https:\/\/prva.hr\/index.php\/wp-json\/wp\/v2\/tags?post=8619"}],"curies":[{"name":"wp","href":"https:\/\/api.w.org\/{rel}","templated":true}]}}