{"id":869,"date":"2014-05-18T21:09:36","date_gmt":"2014-05-18T19:09:36","guid":{"rendered":"http:\/\/www2.prva.hr\/?p=869"},"modified":"2017-08-06T21:10:06","modified_gmt":"2017-08-06T19:10:06","slug":"zajedno-za-paulu-ili-kako-je-prva-pokazala-veliko-srce","status":"publish","type":"post","link":"https:\/\/prva.hr\/index.php\/2014\/05\/18\/zajedno-za-paulu-ili-kako-je-prva-pokazala-veliko-srce\/","title":{"rendered":"ZAJEDNO ZA PAULU ili kako je Prva pokazala veliko srce"},"content":{"rendered":"<p>Cijeli se pro\u0161li tjedan tjedan (12.-16.5.) pokazao zna\u010dajan za u\u010denike i profesore na\u0161e \u0160kole. Humanitarna akcija za u\u010denicu 2.d razred, Paulu Bi\u0107ani\u0107 koja se bori s te\u0161kom bole\u0161\u0107u, ujedinila je sve nas u naporima da joj iska\u017eemo svoju podr\u0161ku. Upravo su njeni razredni prijatelji zaslu\u017eni za niz doga\u0111anja: kao \u0161to je <em>hakl<\/em> <em>dva na dva<\/em> koji se odigravao u ponedjeljak u \u0161kolskoj dvorani i okupio nesebi\u010dne u\u010denike te veliki broj priloga.\u201c Doru\u010dak za Paulu \u201e u \u010detvrtak, pokazao je kako se i profesori bez razmi\u0161ljanja i spremno uklju\u010duju u pomo\u0107.<\/p>\n<p>Zahvaljujemo svima koji su haklali, pekli kola\u010de, jeli kola\u010de&#8230;.pisali plakate, pu\u0161tali muziku, mazali pa\u0161tetu, pekli pala\u010dinke, pekli fritule, pisali Pauli&#8230;..nisu zvi\u017edali&#8230;.i svakako nas podr\u017eali.<\/p>\n<p>Najbolji <strong>2.D<\/strong> sakupio je 9 000 00 kn.<\/p>\n<p>Hvala svima!<\/p>\n<p>&nbsp;<\/p>\n<p>Helena Begi\u0107, prof.<\/p>\n<p><img decoding=\"async\" data-src=\"http:\/\/www.prva.hr\/images\/pdf\/Paula.jpg\" width=\"246\" height=\"185\" border=\"0\" src=\"data:image\/svg+xml;base64,PHN2ZyB3aWR0aD0iMSIgaGVpZ2h0PSIxIiB4bWxucz0iaHR0cDovL3d3dy53My5vcmcvMjAwMC9zdmciPjwvc3ZnPg==\" class=\"lazyload\" style=\"--smush-placeholder-width: 246px; --smush-placeholder-aspect-ratio: 246\/185;\" \/><\/p>\n<p>&nbsp;<\/p>\n<p>\u010clanak prof. Matu\u0161an o cijeloj akciji mo\u017eete pro\u010ditati <a href=\"http:\/\/www.prva.hr\/images\/pdf\/Humanitarna%20akcija%20za%20Paulu.doc\" target=\"_blank\">ovdje<\/a><\/p>\n","protected":false},"excerpt":{"rendered":"<p>Cijeli se pro\u0161li tjedan tjedan (12.-16.5.) pokazao zna\u010dajan za u\u010denike i profesore na\u0161e \u0160kole. Humanitarna akcija za u\u010denicu 2.d razred, Paulu Bi\u0107ani\u0107 koja se bori s te\u0161kom bole\u0161\u0107u, ujedinila je sve nas u naporima da joj iska\u017eemo svoju podr\u0161ku. Upravo su njeni razredni prijatelji zaslu\u017eni za niz doga\u0111anja: kao \u0161to je hakl dva na dva [&hellip;]<\/p>\n","protected":false},"author":1,"featured_media":0,"comment_status":"closed","ping_status":"closed","sticky":false,"template":"","format":"standard","meta":{"_et_pb_use_builder":"","_et_pb_old_content":"","_et_gb_content_width":"","footnotes":""},"categories":[9],"tags":[],"class_list":["post-869","post","type-post","status-publish","format-standard","hentry","category-arhiva"],"_links":{"self":[{"href":"https:\/\/prva.hr\/index.php\/wp-json\/wp\/v2\/posts\/869","targetHints":{"allow":["GET"]}}],"collection":[{"href":"https:\/\/prva.hr\/index.php\/wp-json\/wp\/v2\/posts"}],"about":[{"href":"https:\/\/prva.hr\/index.php\/wp-json\/wp\/v2\/types\/post"}],"author":[{"embeddable":true,"href":"https:\/\/prva.hr\/index.php\/wp-json\/wp\/v2\/users\/1"}],"replies":[{"embeddable":true,"href":"https:\/\/prva.hr\/index.php\/wp-json\/wp\/v2\/comments?post=869"}],"version-history":[{"count":1,"href":"https:\/\/prva.hr\/index.php\/wp-json\/wp\/v2\/posts\/869\/revisions"}],"predecessor-version":[{"id":870,"href":"https:\/\/prva.hr\/index.php\/wp-json\/wp\/v2\/posts\/869\/revisions\/870"}],"wp:attachment":[{"href":"https:\/\/prva.hr\/index.php\/wp-json\/wp\/v2\/media?parent=869"}],"wp:term":[{"taxonomy":"category","embeddable":true,"href":"https:\/\/prva.hr\/index.php\/wp-json\/wp\/v2\/categories?post=869"},{"taxonomy":"post_tag","embeddable":true,"href":"https:\/\/prva.hr\/index.php\/wp-json\/wp\/v2\/tags?post=869"}],"curies":[{"name":"wp","href":"https:\/\/api.w.org\/{rel}","templated":true}]}}