{"id":8693,"date":"2020-12-15T10:51:49","date_gmt":"2020-12-15T09:51:49","guid":{"rendered":"http:\/\/www.prva.hr\/?p=8693"},"modified":"2020-12-15T11:03:48","modified_gmt":"2020-12-15T10:03:48","slug":"debatni-klub-i-gimnazije-sudjelovao-na-debatnom-turniru-s-dvije-ekipe","status":"publish","type":"post","link":"https:\/\/prva.hr\/index.php\/2020\/12\/15\/debatni-klub-i-gimnazije-sudjelovao-na-debatnom-turniru-s-dvije-ekipe\/","title":{"rendered":"Debatni klub I. gimnazije sudjelovao na debatnom turniru s dvije ekipe"},"content":{"rendered":"<p><strong>Debatni klub I. gimnazije\u00a0 &#8220;Krvolo\u010dne visibabe&#8221;\u00a0<\/strong> ove \u0161kolske godine ima 12 \u010dlanova, u\u010denika i u\u010denica prvih, drugih i tre\u0107ih razreda.<\/p>\n<p>Vi\u0161e od pola su novi \u010dlanovi i tim vi\u0161e predstavlja uspjeh da su\u00a0 tijekom vikenda <strong>5. i 6. prosinca 2020.<\/strong> \u010dak s dvije ekipe sudjelovali na <strong>virtualnom po\u010detni\u010dkom turniru u debati<\/strong>.\u00a0 Usprkos jakim protivni\u010dkim ekipama,\u00a0 jedna\u00a0 od na\u0161e dvije ekipe, ostvarila je dvije pobjede od \u010detiri kola, a svi zajedno su suglasni da im je sudjelovanje na po\u010detni\u010dkom turniru bilo zanimljivo i korisno iskustvo.<\/p>\n<p>Sudjelovanju na turniru prethodilo je osam odr\u017eanih virtualnih sastanaka o debati na teme\u00a0 poput osnove WS debatnog formata,\u00a0osmi\u0161ljavanje i pobijanje argumenata, uloge govornike i druge.<\/p>\n<p>Voditelji Debatnog kluba, biv\u0161i u\u010denici\u00a0 I. gimnazije\u00a0 Jelena Lara Marinkovi\u0107 i Josip Majsec zadovoljni su nastupom na\u0161ih debatanata, a posebno isti\u010du uspjeh u\u010denice\u00a0 1. b Zare Dautovi\u0107\u00a0 rangirane kao 13. govornice turnira. \u010cestitamo!<\/p>\n<p>&nbsp;<\/p>\n<p><img decoding=\"async\" class=\"alignnone size-medium wp-image-8698 lazyload\" data-src=\"https:\/\/www.prva.hr\/wp-content\/uploads\/2020\/12\/debata-1-300x171.jpg\" alt=\"\" width=\"300\" height=\"171\" data-srcset=\"https:\/\/prva.hr\/wp-content\/uploads\/2020\/12\/debata-1-300x171.jpg 300w, https:\/\/prva.hr\/wp-content\/uploads\/2020\/12\/debata-1-768x438.jpg 768w, https:\/\/prva.hr\/wp-content\/uploads\/2020\/12\/debata-1-400x228.jpg 400w, https:\/\/prva.hr\/wp-content\/uploads\/2020\/12\/debata-1.jpg 1012w\" data-sizes=\"(max-width: 300px) 100vw, 300px\" src=\"data:image\/svg+xml;base64,PHN2ZyB3aWR0aD0iMSIgaGVpZ2h0PSIxIiB4bWxucz0iaHR0cDovL3d3dy53My5vcmcvMjAwMC9zdmciPjwvc3ZnPg==\" style=\"--smush-placeholder-width: 300px; --smush-placeholder-aspect-ratio: 300\/171;\" \/>\u00a0 \u00a0 \u00a0 \u00a0 \u00a0 \u00a0 \u00a0 \u00a0 \u00a0 \u00a0 \u00a0 \u00a0 \u00a0 \u00a0 \u00a0 \u00a0<img decoding=\"async\" class=\"alignnone size-medium wp-image-8699 lazyload\" data-src=\"https:\/\/www.prva.hr\/wp-content\/uploads\/2020\/12\/debata-2-300x176.jpg\" alt=\"\" width=\"300\" height=\"176\" data-srcset=\"https:\/\/prva.hr\/wp-content\/uploads\/2020\/12\/debata-2-300x176.jpg 300w, https:\/\/prva.hr\/wp-content\/uploads\/2020\/12\/debata-2-768x452.jpg 768w, https:\/\/prva.hr\/wp-content\/uploads\/2020\/12\/debata-2-400x235.jpg 400w, https:\/\/prva.hr\/wp-content\/uploads\/2020\/12\/debata-2.jpg 1003w\" data-sizes=\"(max-width: 300px) 100vw, 300px\" src=\"data:image\/svg+xml;base64,PHN2ZyB3aWR0aD0iMSIgaGVpZ2h0PSIxIiB4bWxucz0iaHR0cDovL3d3dy53My5vcmcvMjAwMC9zdmciPjwvc3ZnPg==\" style=\"--smush-placeholder-width: 300px; --smush-placeholder-aspect-ratio: 300\/176;\" \/><\/p>\n<p>Ekipe Debatnog kluba I. gimnazije sudjelovale na virtualnom turniru iz debate 5.-6.12.2020.<\/p>\n","protected":false},"excerpt":{"rendered":"<p>Debatni klub I. gimnazije\u00a0 &#8220;Krvolo\u010dne visibabe&#8221;\u00a0 ove \u0161kolske godine ima 12 \u010dlanova, u\u010denika i u\u010denica prvih, drugih i tre\u0107ih razreda. Vi\u0161e od pola su novi \u010dlanovi i tim vi\u0161e predstavlja uspjeh da su\u00a0 tijekom vikenda 5. i 6. prosinca 2020. \u010dak s dvije ekipe sudjelovali na virtualnom po\u010detni\u010dkom turniru u debati.\u00a0 Usprkos jakim protivni\u010dkim ekipama,\u00a0 [&hellip;]<\/p>\n","protected":false},"author":6,"featured_media":8702,"comment_status":"closed","ping_status":"closed","sticky":false,"template":"","format":"standard","meta":{"_et_pb_use_builder":"","_et_pb_old_content":"","_et_gb_content_width":"","footnotes":""},"categories":[5,16],"tags":[],"class_list":["post-8693","post","type-post","status-publish","format-standard","has-post-thumbnail","hentry","category-aktivnosti","category-debata"],"_links":{"self":[{"href":"https:\/\/prva.hr\/index.php\/wp-json\/wp\/v2\/posts\/8693","targetHints":{"allow":["GET"]}}],"collection":[{"href":"https:\/\/prva.hr\/index.php\/wp-json\/wp\/v2\/posts"}],"about":[{"href":"https:\/\/prva.hr\/index.php\/wp-json\/wp\/v2\/types\/post"}],"author":[{"embeddable":true,"href":"https:\/\/prva.hr\/index.php\/wp-json\/wp\/v2\/users\/6"}],"replies":[{"embeddable":true,"href":"https:\/\/prva.hr\/index.php\/wp-json\/wp\/v2\/comments?post=8693"}],"version-history":[{"count":7,"href":"https:\/\/prva.hr\/index.php\/wp-json\/wp\/v2\/posts\/8693\/revisions"}],"predecessor-version":[{"id":8703,"href":"https:\/\/prva.hr\/index.php\/wp-json\/wp\/v2\/posts\/8693\/revisions\/8703"}],"wp:featuredmedia":[{"embeddable":true,"href":"https:\/\/prva.hr\/index.php\/wp-json\/wp\/v2\/media\/8702"}],"wp:attachment":[{"href":"https:\/\/prva.hr\/index.php\/wp-json\/wp\/v2\/media?parent=8693"}],"wp:term":[{"taxonomy":"category","embeddable":true,"href":"https:\/\/prva.hr\/index.php\/wp-json\/wp\/v2\/categories?post=8693"},{"taxonomy":"post_tag","embeddable":true,"href":"https:\/\/prva.hr\/index.php\/wp-json\/wp\/v2\/tags?post=8693"}],"curies":[{"name":"wp","href":"https:\/\/api.w.org\/{rel}","templated":true}]}}