{"id":871,"date":"2014-06-06T21:10:14","date_gmt":"2014-06-06T19:10:14","guid":{"rendered":"http:\/\/www2.prva.hr\/?p=871"},"modified":"2017-08-06T21:10:32","modified_gmt":"2017-08-06T19:10:32","slug":"humanitana-akcija-pomoci-i-gimnazije-i-lions-kluba-za-poplavljene-krajeve-hrvatske","status":"publish","type":"post","link":"https:\/\/prva.hr\/index.php\/2014\/06\/06\/humanitana-akcija-pomoci-i-gimnazije-i-lions-kluba-za-poplavljene-krajeve-hrvatske\/","title":{"rendered":"HUMANITANA AKCIJA POMO\u0106I I. GIMNAZIJE I LIONS KLUBA ZA POPLAVLJENE KRAJEVE HRVATSKE"},"content":{"rendered":"<p align=\"center\">Vidjeti o\u010dima drugih, slu\u0161ati u\u0161ima drugih, osje\u0107ati srcem drugih u\u010dimo cijeli \u017eivot. Suo\u010deni s velikim ljudskim tragedijama i prirodnim katastrofama istinski suosje\u0107amo. Poplave koje su pogodile Slavoniju i \u0161iru regiju zaledile su banalnost svakodnevice i kolektivno nas protresle.<\/p>\n<p>Nebrojeno smo puta pomagali drugima u raznoraznim egzistencijalnim neda\u0107ama pa i ovoga puta Prva gimnazija i Lions klub u tri su dana, od 19. do 21. svibnja, u akciji prikupljanja pomo\u0107i za stradale, primali svaku mogu\u0107u materijalnu pomo\u0107. Naravno, to je najmanje \u0161to smo mogli dati. Zahvaljujemo svim sudionicima ove vrijedne akcije, u\u010denicima, profesorima, roditeljima i \u0161irem gra\u0111anstvu koje je prikupilo:<\/p>\n<p>15 VRE\u0106A <strong>POKRIVA\u010cA<\/strong><\/p>\n<p>53 VRE\u0106A <strong>ODJE\u0106E<\/strong><\/p>\n<p>PREKO 400 KOM PAKIRANJA <strong>HRANE<\/strong><\/p>\n<p>120 L <strong>VODE<\/strong><\/p>\n<p>4 VELIKE VRE\u0106E <strong>IGRA\u010cAKA<\/strong><\/p>\n<p>PREKO 450 PAKIRANJA<strong> HIGIJENSKIH POTREP\u0160TINA<\/strong> I OSTALO.<\/p>\n<p>HVALA!!!!!!!<\/p>\n<p><img decoding=\"async\" data-src=\"http:\/\/www.prva.hr\/images\/pdf\/poplave1.JPG\" width=\"200\" height=\"151\" border=\"0\" src=\"data:image\/svg+xml;base64,PHN2ZyB3aWR0aD0iMSIgaGVpZ2h0PSIxIiB4bWxucz0iaHR0cDovL3d3dy53My5vcmcvMjAwMC9zdmciPjwvc3ZnPg==\" class=\"lazyload\" style=\"--smush-placeholder-width: 200px; --smush-placeholder-aspect-ratio: 200\/151;\" \/> <img decoding=\"async\" data-src=\"http:\/\/www.prva.hr\/images\/pdf\/poplave%202.JPG\" width=\"200\" height=\"151\" border=\"0\" src=\"data:image\/svg+xml;base64,PHN2ZyB3aWR0aD0iMSIgaGVpZ2h0PSIxIiB4bWxucz0iaHR0cDovL3d3dy53My5vcmcvMjAwMC9zdmciPjwvc3ZnPg==\" class=\"lazyload\" style=\"--smush-placeholder-width: 200px; --smush-placeholder-aspect-ratio: 200\/151;\" \/> <img decoding=\"async\" data-src=\"http:\/\/www.prva.hr\/images\/pdf\/poplave3.JPG\" width=\"200\" height=\"151\" border=\"0\" src=\"data:image\/svg+xml;base64,PHN2ZyB3aWR0aD0iMSIgaGVpZ2h0PSIxIiB4bWxucz0iaHR0cDovL3d3dy53My5vcmcvMjAwMC9zdmciPjwvc3ZnPg==\" class=\"lazyload\" style=\"--smush-placeholder-width: 200px; --smush-placeholder-aspect-ratio: 200\/151;\" \/><\/p>\n<p><img decoding=\"async\" data-src=\"http:\/\/www.prva.hr\/images\/pdf\/poplave4.JPG\" width=\"200\" height=\"151\" border=\"0\" src=\"data:image\/svg+xml;base64,PHN2ZyB3aWR0aD0iMSIgaGVpZ2h0PSIxIiB4bWxucz0iaHR0cDovL3d3dy53My5vcmcvMjAwMC9zdmciPjwvc3ZnPg==\" class=\"lazyload\" style=\"--smush-placeholder-width: 200px; --smush-placeholder-aspect-ratio: 200\/151;\" \/> <img decoding=\"async\" data-src=\"http:\/\/www.prva.hr\/images\/pdf\/poplave5.JPG\" width=\"200\" height=\"151\" border=\"0\" src=\"data:image\/svg+xml;base64,PHN2ZyB3aWR0aD0iMSIgaGVpZ2h0PSIxIiB4bWxucz0iaHR0cDovL3d3dy53My5vcmcvMjAwMC9zdmciPjwvc3ZnPg==\" class=\"lazyload\" style=\"--smush-placeholder-width: 200px; --smush-placeholder-aspect-ratio: 200\/151;\" \/><\/p>\n","protected":false},"excerpt":{"rendered":"<p>Vidjeti o\u010dima drugih, slu\u0161ati u\u0161ima drugih, osje\u0107ati srcem drugih u\u010dimo cijeli \u017eivot. Suo\u010deni s velikim ljudskim tragedijama i prirodnim katastrofama istinski suosje\u0107amo. Poplave koje su pogodile Slavoniju i \u0161iru regiju zaledile su banalnost svakodnevice i kolektivno nas protresle. Nebrojeno smo puta pomagali drugima u raznoraznim egzistencijalnim neda\u0107ama pa i ovoga puta Prva gimnazija i Lions [&hellip;]<\/p>\n","protected":false},"author":1,"featured_media":0,"comment_status":"closed","ping_status":"closed","sticky":false,"template":"","format":"standard","meta":{"_et_pb_use_builder":"","_et_pb_old_content":"","_et_gb_content_width":"","footnotes":""},"categories":[9],"tags":[],"class_list":["post-871","post","type-post","status-publish","format-standard","hentry","category-arhiva"],"_links":{"self":[{"href":"https:\/\/prva.hr\/index.php\/wp-json\/wp\/v2\/posts\/871","targetHints":{"allow":["GET"]}}],"collection":[{"href":"https:\/\/prva.hr\/index.php\/wp-json\/wp\/v2\/posts"}],"about":[{"href":"https:\/\/prva.hr\/index.php\/wp-json\/wp\/v2\/types\/post"}],"author":[{"embeddable":true,"href":"https:\/\/prva.hr\/index.php\/wp-json\/wp\/v2\/users\/1"}],"replies":[{"embeddable":true,"href":"https:\/\/prva.hr\/index.php\/wp-json\/wp\/v2\/comments?post=871"}],"version-history":[{"count":1,"href":"https:\/\/prva.hr\/index.php\/wp-json\/wp\/v2\/posts\/871\/revisions"}],"predecessor-version":[{"id":872,"href":"https:\/\/prva.hr\/index.php\/wp-json\/wp\/v2\/posts\/871\/revisions\/872"}],"wp:attachment":[{"href":"https:\/\/prva.hr\/index.php\/wp-json\/wp\/v2\/media?parent=871"}],"wp:term":[{"taxonomy":"category","embeddable":true,"href":"https:\/\/prva.hr\/index.php\/wp-json\/wp\/v2\/categories?post=871"},{"taxonomy":"post_tag","embeddable":true,"href":"https:\/\/prva.hr\/index.php\/wp-json\/wp\/v2\/tags?post=871"}],"curies":[{"name":"wp","href":"https:\/\/api.w.org\/{rel}","templated":true}]}}