{"id":8723,"date":"2020-12-17T10:20:35","date_gmt":"2020-12-17T09:20:35","guid":{"rendered":"http:\/\/www.prva.hr\/?p=8723"},"modified":"2021-01-22T15:44:08","modified_gmt":"2021-01-22T14:44:08","slug":"8723","status":"publish","type":"post","link":"https:\/\/prva.hr\/index.php\/2020\/12\/17\/8723\/","title":{"rendered":"\u010citateljski klub o \u201eLegendi\u201c"},"content":{"rendered":"<h3><\/h3>\n<p>Glavna tema zadnjeg \u010ditateljskog kluba bilo je djelo utorice <strong>Marie Lu<\/strong> zvano <strong><em>Legenda<\/em><\/strong>. Roman je prvi dio trilogije, a slijede ga <strong><em>Genijalka <\/em><\/strong>i <strong><em>\u0160ampion<\/em><\/strong>.<\/p>\n<p><em>Istina \u0107e postati legenda.<\/em><em><br \/>\nNekada\u0161nji SAD rascjepkao se na zemlje u stalnom me\u0111usobnom ratu. Republika ima svoje uzdanice&#8230; i svoje legende.<br \/>\nRo\u0111ena u elitnoj obitelji u jednom od najbogatijih dijelova Republike, petnaestogodi\u0161nja June je \u010dudo od djeteta koju pripremaju za uspjeh u najvi\u0161im vojnim krugovima.<br \/>\nRo\u0111en u siroma\u0161kom kraju, petnaestogodi\u0161nji Day je najtra\u017eeniji zlo\u010dinac u zemlji. Ali njegovi motivi nisu ono \u0161to bi se o\u010dekivalo.<br \/>\nKad June izgubi brata, a Day postane glavni sumnjivac, dvoje mladih na\u0107i \u0107e se ulovljeni u opasnoj igri ma\u010dke i mi\u0161a. Ho\u0107e li otkriti \u0161to ih je zapravo spojilo i do kojih \u0107e mra\u010dnih dubina njihova zemlja oti\u0107i da zadr\u017ei svoje tajne \u2013 i pri tome sa\u010duvati \u017eive glave?<\/em><\/p>\n<p>Jednoglasno smo se slo\u017eili da je dinamika djela te \u201eigra ma\u010dke i mi\u0161a\u201c dva lika vrlo izra\u017eena te da je upravo to pridonijelo napetosti romana i dr\u017ealo nas u neizvjesnosti. Tako\u0111er smo do\u0161li do zaklju\u010dka da je tema aktualna i laka za razumjeti. S obzirom na jednostavno pisanje, djelo je lako i brzo \u010ditljivo \u0161to ga \u010dini savr\u0161enim ljetnim \u0161tivom.<\/p>\n<p>No, sve ima i lo\u0161e strane pa smo zaklju\u010dili da su likovi prili\u010dno plo\u0161ni i nedovoljno \u201eduboko\u201c okarakterizirani. Kao i radnja kojoj nedostaje opisivanja i obja\u0161njenja za\u0161to je ne\u0161to kako jest u svijetu u koji se upu\u0161tamo, likovi brzo mijenjaju svoja razmi\u0161ljanja pa smo imali dojam da se sve brzo kre\u0107e.<\/p>\n<p>Preporu\u010dili bismo ovu knjigu ponajvi\u0161e mla\u0111im uzrastima, ali i svima koji vole brze i napete radnje te jednostavna \u201eljetna\u201c \u0161tiva koja \u0107e vas dr\u017eati u neizvjesnosti.<\/p>\n<p style=\"text-align: right;\">Paola Popek, 3.e<\/p>\n<p>&nbsp;<\/p>\n<p><img decoding=\"async\" data-src=\"https:\/\/shop.skolskaknjiga.hr\/media\/catalog\/product\/cache\/1\/image\/1800x\/040ec09b1e35df139433887a97daa66f\/1\/2\/120411.jpg\" src=\"data:image\/svg+xml;base64,PHN2ZyB3aWR0aD0iMSIgaGVpZ2h0PSIxIiB4bWxucz0iaHR0cDovL3d3dy53My5vcmcvMjAwMC9zdmciPjwvc3ZnPg==\" class=\"lazyload\" \/><\/p>\n<p>&nbsp;<\/p>\n","protected":false},"excerpt":{"rendered":"<p>Glavna tema zadnjeg \u010ditateljskog kluba bilo je djelo utorice Marie Lu zvano Legenda. Roman je prvi dio trilogije, a slijede ga Genijalka i \u0160ampion. Istina \u0107e postati legenda. Nekada\u0161nji SAD rascjepkao se na zemlje u stalnom me\u0111usobnom ratu. Republika ima svoje uzdanice&#8230; i svoje legende. Ro\u0111ena u elitnoj obitelji u jednom od najbogatijih dijelova Republike, [&hellip;]<\/p>\n","protected":false},"author":9,"featured_media":0,"comment_status":"closed","ping_status":"closed","sticky":false,"template":"","format":"standard","meta":{"_et_pb_use_builder":"","_et_pb_old_content":"","_et_gb_content_width":"","footnotes":""},"categories":[82,9],"tags":[],"class_list":["post-8723","post","type-post","status-publish","format-standard","hentry","category-aktivnosti-knjiznica-citateljski-klub","category-arhiva"],"_links":{"self":[{"href":"https:\/\/prva.hr\/index.php\/wp-json\/wp\/v2\/posts\/8723","targetHints":{"allow":["GET"]}}],"collection":[{"href":"https:\/\/prva.hr\/index.php\/wp-json\/wp\/v2\/posts"}],"about":[{"href":"https:\/\/prva.hr\/index.php\/wp-json\/wp\/v2\/types\/post"}],"author":[{"embeddable":true,"href":"https:\/\/prva.hr\/index.php\/wp-json\/wp\/v2\/users\/9"}],"replies":[{"embeddable":true,"href":"https:\/\/prva.hr\/index.php\/wp-json\/wp\/v2\/comments?post=8723"}],"version-history":[{"count":2,"href":"https:\/\/prva.hr\/index.php\/wp-json\/wp\/v2\/posts\/8723\/revisions"}],"predecessor-version":[{"id":8725,"href":"https:\/\/prva.hr\/index.php\/wp-json\/wp\/v2\/posts\/8723\/revisions\/8725"}],"wp:attachment":[{"href":"https:\/\/prva.hr\/index.php\/wp-json\/wp\/v2\/media?parent=8723"}],"wp:term":[{"taxonomy":"category","embeddable":true,"href":"https:\/\/prva.hr\/index.php\/wp-json\/wp\/v2\/categories?post=8723"},{"taxonomy":"post_tag","embeddable":true,"href":"https:\/\/prva.hr\/index.php\/wp-json\/wp\/v2\/tags?post=8723"}],"curies":[{"name":"wp","href":"https:\/\/api.w.org\/{rel}","templated":true}]}}