{"id":873,"date":"2014-06-11T21:10:58","date_gmt":"2014-06-11T19:10:58","guid":{"rendered":"http:\/\/www2.prva.hr\/?p=873"},"modified":"2017-08-06T21:11:17","modified_gmt":"2017-08-06T19:11:17","slug":"posjet-udruge-krijesnica","status":"publish","type":"post","link":"https:\/\/prva.hr\/index.php\/2014\/06\/11\/posjet-udruge-krijesnica\/","title":{"rendered":"Posjet udruge Krijesnica"},"content":{"rendered":"<p>U srijedu 11.6. i u petak 13.6. predsjednike udruge Krijesnica s \u010dlanovima udruge posjetili su na\u0161u \u0161kolu i u sklopu projekta &#8220;Malo svijetlo nade&#8221; odr\u017eali su radionicu za u\u010denike 2.d i 2.a razreda. Mladi udruge Krijesnica bili su usmjereni na pripremu i senzibilizaciju \u0161kolskog okru\u017eenja za povratak djeteta nakon lije\u010denja. Projekt &#8220;Malo svjetlo nade&#8221; provodi se uz potporu Ministarstva socijalne politike i mladih. Suglasnost za njegovu provedbu dobivena je od strane Ministarstva znanosti, obrazovanja i sporta, a pozitivna stru\u010dna ocjena od strane Agencije za odgoj i obrazovanje.<\/p>\n<p>U\u010denici su, kao i razrednice i stru\u010dne suradnice, bili odu\u0161evljeni radionicom kao i informacijama koje su dobili. Radionica u 2.d je bila namjenjena u\u010denicima koji se pripremaju na povratak njihove prijateljice Paule koja je trenutno na lije\u010denju.<\/p>\n<p>Web stranicu Krijesnice mo\u017eete pogledati <a href=\"http:\/\/www.krijesnica.hr\/\" target=\"_blank\">ovdje<\/a><\/p>\n<p>&nbsp;<\/p>\n<p><img decoding=\"async\" data-src=\"http:\/\/www.prva.hr\/images\/pdf\/Krijesnica1.JPG\" width=\"214\" height=\"143\" border=\"0\" src=\"data:image\/svg+xml;base64,PHN2ZyB3aWR0aD0iMSIgaGVpZ2h0PSIxIiB4bWxucz0iaHR0cDovL3d3dy53My5vcmcvMjAwMC9zdmciPjwvc3ZnPg==\" class=\"lazyload\" style=\"--smush-placeholder-width: 214px; --smush-placeholder-aspect-ratio: 214\/143;\" \/> <img decoding=\"async\" data-src=\"http:\/\/www.prva.hr\/images\/pdf\/Krijesnica2.JPG\" width=\"214\" height=\"143\" border=\"0\" src=\"data:image\/svg+xml;base64,PHN2ZyB3aWR0aD0iMSIgaGVpZ2h0PSIxIiB4bWxucz0iaHR0cDovL3d3dy53My5vcmcvMjAwMC9zdmciPjwvc3ZnPg==\" class=\"lazyload\" style=\"--smush-placeholder-width: 214px; --smush-placeholder-aspect-ratio: 214\/143;\" \/><\/p>\n<p>radionica u 2.d<\/p>\n<p>&nbsp;<\/p>\n<p><img decoding=\"async\" data-src=\"http:\/\/www.prva.hr\/images\/pdf\/krijesnica3.JPG\" width=\"199\" height=\"149\" border=\"0\" src=\"data:image\/svg+xml;base64,PHN2ZyB3aWR0aD0iMSIgaGVpZ2h0PSIxIiB4bWxucz0iaHR0cDovL3d3dy53My5vcmcvMjAwMC9zdmciPjwvc3ZnPg==\" class=\"lazyload\" style=\"--smush-placeholder-width: 199px; --smush-placeholder-aspect-ratio: 199\/149;\" \/> <img decoding=\"async\" data-src=\"http:\/\/www.prva.hr\/images\/pdf\/krijesnica4.JPG\" width=\"199\" height=\"149\" border=\"0\" src=\"data:image\/svg+xml;base64,PHN2ZyB3aWR0aD0iMSIgaGVpZ2h0PSIxIiB4bWxucz0iaHR0cDovL3d3dy53My5vcmcvMjAwMC9zdmciPjwvc3ZnPg==\" class=\"lazyload\" style=\"--smush-placeholder-width: 199px; --smush-placeholder-aspect-ratio: 199\/149;\" \/><\/p>\n<p>radionica u 2.a<\/p>\n","protected":false},"excerpt":{"rendered":"<p>U srijedu 11.6. i u petak 13.6. predsjednike udruge Krijesnica s \u010dlanovima udruge posjetili su na\u0161u \u0161kolu i u sklopu projekta &#8220;Malo svijetlo nade&#8221; odr\u017eali su radionicu za u\u010denike 2.d i 2.a razreda. Mladi udruge Krijesnica bili su usmjereni na pripremu i senzibilizaciju \u0161kolskog okru\u017eenja za povratak djeteta nakon lije\u010denja. Projekt &#8220;Malo svjetlo nade&#8221; provodi [&hellip;]<\/p>\n","protected":false},"author":1,"featured_media":0,"comment_status":"closed","ping_status":"closed","sticky":false,"template":"","format":"standard","meta":{"_et_pb_use_builder":"","_et_pb_old_content":"","_et_gb_content_width":"","footnotes":""},"categories":[9],"tags":[],"class_list":["post-873","post","type-post","status-publish","format-standard","hentry","category-arhiva"],"_links":{"self":[{"href":"https:\/\/prva.hr\/index.php\/wp-json\/wp\/v2\/posts\/873","targetHints":{"allow":["GET"]}}],"collection":[{"href":"https:\/\/prva.hr\/index.php\/wp-json\/wp\/v2\/posts"}],"about":[{"href":"https:\/\/prva.hr\/index.php\/wp-json\/wp\/v2\/types\/post"}],"author":[{"embeddable":true,"href":"https:\/\/prva.hr\/index.php\/wp-json\/wp\/v2\/users\/1"}],"replies":[{"embeddable":true,"href":"https:\/\/prva.hr\/index.php\/wp-json\/wp\/v2\/comments?post=873"}],"version-history":[{"count":1,"href":"https:\/\/prva.hr\/index.php\/wp-json\/wp\/v2\/posts\/873\/revisions"}],"predecessor-version":[{"id":874,"href":"https:\/\/prva.hr\/index.php\/wp-json\/wp\/v2\/posts\/873\/revisions\/874"}],"wp:attachment":[{"href":"https:\/\/prva.hr\/index.php\/wp-json\/wp\/v2\/media?parent=873"}],"wp:term":[{"taxonomy":"category","embeddable":true,"href":"https:\/\/prva.hr\/index.php\/wp-json\/wp\/v2\/categories?post=873"},{"taxonomy":"post_tag","embeddable":true,"href":"https:\/\/prva.hr\/index.php\/wp-json\/wp\/v2\/tags?post=873"}],"curies":[{"name":"wp","href":"https:\/\/api.w.org\/{rel}","templated":true}]}}