{"id":877,"date":"2014-07-07T21:11:57","date_gmt":"2014-07-07T19:11:57","guid":{"rendered":"http:\/\/www2.prva.hr\/?p=877"},"modified":"2017-08-06T21:12:13","modified_gmt":"2017-08-06T19:12:13","slug":"akcija-za-paulu-bicanic-upis-u-registar-dobrovoljnih-darivatelja-krvotvornih-maticnih-stanica","status":"publish","type":"post","link":"https:\/\/prva.hr\/index.php\/2014\/07\/07\/akcija-za-paulu-bicanic-upis-u-registar-dobrovoljnih-darivatelja-krvotvornih-maticnih-stanica\/","title":{"rendered":"Akcija za Paulu Bi\u010dani\u0107 &#8211; upis u Registar dobrovoljnih darivatelja krvotvornih mati\u010dnih stanica"},"content":{"rendered":"<p>U \u010detvrtak, 10. srpnja u na\u0161oj \u0161koli, u suradnji sa zakladom Ana Rukavina, odr\u017eana je akcija upisa u Registar dobrovoljnih darivatelja krvotvornih mati\u010dnih stanica za pomo\u0107 na\u0161oj hrabroj Pauli Bi\u010dani\u0107 na kojoj se upisalo 311 gra\u0111ana. U akciji je sudjelovalo 15 volontera I. gimnazije kao i Mladi Krijesnice koji su pomogli u provedbi akcije.<\/p>\n<p><img decoding=\"async\" data-src=\"http:\/\/www.prva.hr\/images\/pdf\/Krijesnica%20i%20volonteri%20skole.jpg\" width=\"200\" height=\"139\" border=\"0\" src=\"data:image\/svg+xml;base64,PHN2ZyB3aWR0aD0iMSIgaGVpZ2h0PSIxIiB4bWxucz0iaHR0cDovL3d3dy53My5vcmcvMjAwMC9zdmciPjwvc3ZnPg==\" class=\"lazyload\" style=\"--smush-placeholder-width: 200px; --smush-placeholder-aspect-ratio: 200\/139;\" \/><\/p>\n<p>Zahvaljujemo svim ljudima koji su se odazvali na akciju, kao i onima koji su proslijedili informaciju o akciji svojoj obitelji i prijateljima. Tako\u0111er se zahvaljujemo djelatnicima zaklade Ana Rukavina kao i volonterima.<\/p>\n<p>Na\u0161oj Pauli \u017eelimo puno sre\u0107e u daljnjem lije\u010denju kao i uspje\u0161an pronalazak podudarnog darivatelja!<\/p>\n<p>&nbsp;<\/p>\n<p>\u010clanak zaklade Ana Rukavina mo\u017eete pro\u010ditati <a href=\"http:\/\/www.zaklada-ana-rukavina.hr\/content\/hr\/news\/detail.aspx?newsID=944\" target=\"_blank\">ovdje<\/a><\/p>\n","protected":false},"excerpt":{"rendered":"<p>U \u010detvrtak, 10. srpnja u na\u0161oj \u0161koli, u suradnji sa zakladom Ana Rukavina, odr\u017eana je akcija upisa u Registar dobrovoljnih darivatelja krvotvornih mati\u010dnih stanica za pomo\u0107 na\u0161oj hrabroj Pauli Bi\u010dani\u0107 na kojoj se upisalo 311 gra\u0111ana. U akciji je sudjelovalo 15 volontera I. gimnazije kao i Mladi Krijesnice koji su pomogli u provedbi akcije. Zahvaljujemo [&hellip;]<\/p>\n","protected":false},"author":1,"featured_media":0,"comment_status":"closed","ping_status":"closed","sticky":false,"template":"","format":"standard","meta":{"_et_pb_use_builder":"","_et_pb_old_content":"","_et_gb_content_width":"","footnotes":""},"categories":[9],"tags":[],"class_list":["post-877","post","type-post","status-publish","format-standard","hentry","category-arhiva"],"_links":{"self":[{"href":"https:\/\/prva.hr\/index.php\/wp-json\/wp\/v2\/posts\/877","targetHints":{"allow":["GET"]}}],"collection":[{"href":"https:\/\/prva.hr\/index.php\/wp-json\/wp\/v2\/posts"}],"about":[{"href":"https:\/\/prva.hr\/index.php\/wp-json\/wp\/v2\/types\/post"}],"author":[{"embeddable":true,"href":"https:\/\/prva.hr\/index.php\/wp-json\/wp\/v2\/users\/1"}],"replies":[{"embeddable":true,"href":"https:\/\/prva.hr\/index.php\/wp-json\/wp\/v2\/comments?post=877"}],"version-history":[{"count":1,"href":"https:\/\/prva.hr\/index.php\/wp-json\/wp\/v2\/posts\/877\/revisions"}],"predecessor-version":[{"id":878,"href":"https:\/\/prva.hr\/index.php\/wp-json\/wp\/v2\/posts\/877\/revisions\/878"}],"wp:attachment":[{"href":"https:\/\/prva.hr\/index.php\/wp-json\/wp\/v2\/media?parent=877"}],"wp:term":[{"taxonomy":"category","embeddable":true,"href":"https:\/\/prva.hr\/index.php\/wp-json\/wp\/v2\/categories?post=877"},{"taxonomy":"post_tag","embeddable":true,"href":"https:\/\/prva.hr\/index.php\/wp-json\/wp\/v2\/tags?post=877"}],"curies":[{"name":"wp","href":"https:\/\/api.w.org\/{rel}","templated":true}]}}