{"id":8866,"date":"2021-02-03T19:20:59","date_gmt":"2021-02-03T18:20:59","guid":{"rendered":"http:\/\/www.prva.hr\/?p=8866"},"modified":"2021-02-03T19:26:05","modified_gmt":"2021-02-03T18:26:05","slug":"platforma-podrska-na-dlanu","status":"publish","type":"post","link":"https:\/\/prva.hr\/index.php\/2021\/02\/03\/platforma-podrska-na-dlanu\/","title":{"rendered":"Platforma Podr\u0161ka na dlanu"},"content":{"rendered":"<p>Projekt Podr\u0161ka na dlanu osmi\u0161ljen je kao odgovor na krizu izazvanu pandemijom COVID-19 i njenim posljedicama, kao i nizom potresa koji su pogodili grad Zagreb, od strane Povjerenstva za za\u0161titu mentalnog zdravlja djece i mladih Grada Zagreba. Projekt je objedinio zdravstvene ustanove Grada Zagreba u pru\u017eanju podr\u0161ke djeci, mladima, njihovim roditeljima i stru\u010dnjacima, kroz izradu online platforme na kojoj \u0107e biti dostupni svi sadr\u017eaji koji nam mogu olak\u0161ati suo\u010davanje s trenutnim izazovima i onima koji nas tek \u010dekaju.<br class=\"\" \/>Cilj projekta Podr\u0161ka na dlanu je osna\u017eivanje i ja\u010danje psiholo\u0161ke otpornosti djece i mladih kroz izravnu podr\u0161ku i podr\u0161ku njihovim roditeljima, odgajateljima, nastavnicima, stru\u010dnim suradnicima i stru\u010dnjacima mentalnog zdravlja. Dijeljeni sadr\u017eaji uklju\u010duju ideje za osmi\u0161ljavanje slobodnog vremena djece i mladih te savjete za ja\u010danje pozitivnih strategija suo\u010davanja sa stresom.<\/p>\n<p>Poveznica na platformu:\u00a0<a href=\"https:\/\/www.zagreb.hr\/podrska-na-dlanu\/158212?fbclid=IwAR2OdcQrbtDKV7oPbaB_wHC-MMIMYz_dVAHFpsPiKuZuRJzn08L-s-Ylcxo\" target=\"_blank\" rel=\"noopener noreferrer\" data-saferedirecturl=\"https:\/\/www.google.com\/url?q=https:\/\/www.zagreb.hr\/podrska-na-dlanu\/158212?fbclid%3DIwAR2OdcQrbtDKV7oPbaB_wHC-MMIMYz_dVAHFpsPiKuZuRJzn08L-s-Ylcxo&amp;source=gmail&amp;ust=1612451440668000&amp;usg=AFQjCNEDR2MuBqQzqRcaLw-zd_NrROqegA\">https:\/\/www.zagreb.hr\/podrska-<wbr \/>na-dlanu\/158212?fbclid=<wbr \/>IwAR2OdcQrbtDKV7oPbaB_wHC-<wbr \/>MMIMYz_dVAHFpsPiKuZuRJzn08L-s-<wbr \/>Ylcxo<\/a><\/p>\n","protected":false},"excerpt":{"rendered":"<p>Projekt Podr\u0161ka na dlanu osmi\u0161ljen je kao odgovor na krizu izazvanu pandemijom COVID-19 i njenim posljedicama, kao i nizom potresa koji su pogodili grad Zagreb, od strane Povjerenstva za za\u0161titu mentalnog zdravlja djece i mladih Grada Zagreba. Projekt je objedinio zdravstvene ustanove Grada Zagreba u pru\u017eanju podr\u0161ke djeci, mladima, njihovim roditeljima i stru\u010dnjacima, kroz izradu [&hellip;]<\/p>\n","protected":false},"author":7,"featured_media":8867,"comment_status":"closed","ping_status":"closed","sticky":false,"template":"","format":"standard","meta":{"_et_pb_use_builder":"","_et_pb_old_content":"","_et_gb_content_width":"","footnotes":""},"categories":[13,61],"tags":[],"class_list":["post-8866","post","type-post","status-publish","format-standard","has-post-thumbnail","hentry","category-preventivni-program","category-vanjski-korisnici-korisne-poveznice"],"_links":{"self":[{"href":"https:\/\/prva.hr\/index.php\/wp-json\/wp\/v2\/posts\/8866","targetHints":{"allow":["GET"]}}],"collection":[{"href":"https:\/\/prva.hr\/index.php\/wp-json\/wp\/v2\/posts"}],"about":[{"href":"https:\/\/prva.hr\/index.php\/wp-json\/wp\/v2\/types\/post"}],"author":[{"embeddable":true,"href":"https:\/\/prva.hr\/index.php\/wp-json\/wp\/v2\/users\/7"}],"replies":[{"embeddable":true,"href":"https:\/\/prva.hr\/index.php\/wp-json\/wp\/v2\/comments?post=8866"}],"version-history":[{"count":3,"href":"https:\/\/prva.hr\/index.php\/wp-json\/wp\/v2\/posts\/8866\/revisions"}],"predecessor-version":[{"id":8870,"href":"https:\/\/prva.hr\/index.php\/wp-json\/wp\/v2\/posts\/8866\/revisions\/8870"}],"wp:featuredmedia":[{"embeddable":true,"href":"https:\/\/prva.hr\/index.php\/wp-json\/wp\/v2\/media\/8867"}],"wp:attachment":[{"href":"https:\/\/prva.hr\/index.php\/wp-json\/wp\/v2\/media?parent=8866"}],"wp:term":[{"taxonomy":"category","embeddable":true,"href":"https:\/\/prva.hr\/index.php\/wp-json\/wp\/v2\/categories?post=8866"},{"taxonomy":"post_tag","embeddable":true,"href":"https:\/\/prva.hr\/index.php\/wp-json\/wp\/v2\/tags?post=8866"}],"curies":[{"name":"wp","href":"https:\/\/api.w.org\/{rel}","templated":true}]}}