{"id":899,"date":"2014-10-06T21:19:52","date_gmt":"2014-10-06T19:19:52","guid":{"rendered":"http:\/\/www2.prva.hr\/?p=899"},"modified":"2017-08-06T21:20:42","modified_gmt":"2017-08-06T19:20:42","slug":"prikupljanje-knjiga-za-osnovnu-skolu-antuna-i-stjepana-radica-u-gunji","status":"publish","type":"post","link":"https:\/\/prva.hr\/index.php\/2014\/10\/06\/prikupljanje-knjiga-za-osnovnu-skolu-antuna-i-stjepana-radica-u-gunji\/","title":{"rendered":"Prikupljanje knjiga za osnovnu \u0161kolu Antuna i Stjepana Radi\u0107a u Gunji"},"content":{"rendered":"<div>Prva gimnazija uklju\u010dila se u humanitarnu akciju prikupljanja knjiga za <strong>Osnovnu \u0161kolu Antuna i Stjepana Radi\u0107a<\/strong> u Gunji, koju su organizirale Knji\u017enice grada Zagreba. Akcija je trajala dva nastavna tjedna od 15. do 29. rujna 2014. godine. Odazvao se iznimno velik broj u\u010denika iz jedanaest razreda te je sakupljeno 511 knjiga &#8211; lektirni naslovi za osnovnu \u0161kolu, slikovnice, priru\u010dnici, rje\u010dnici, leksikoni i knjige iz dje\u010dje znanosti,\u00a0koje smo donirali Knji\u017enici Travno kako bi se dalje distribuirale u Gunju. Akciji su se pridru\u017eili i profesori: Antonia Sikavica Joler (33 knjige), Tatjana Markovi\u0107 (15 knjiga) i Marija Petri\u010dec (10 knjiga) te gospo\u0111a Jelena Kasun iz ra\u010dunovodstva, a 25 knjiga poklonila je i IV. gimnazija. Zahvaljujemo svim u\u010denicima koji su sudjelovali u ovoj vrijednoj akciji, a \u010destitamo <strong>I. E<\/strong> razredu na rekordnome broju sakupljenih knjiga &#8211; \u010dak 87 knjiga (ili statisti\u010dki tri knjige po u\u010deniku)!<br \/>\n1.) I. E (87 knjiga)<\/div>\n<div>2.) IV. D (55 knjiga)<\/div>\n<div>3.) I. A (53 knjige)<\/div>\n<div>4.) IV. B (52 knjige)<\/div>\n<div>5.) III. A (42 knjige)<\/div>\n<div>6. I. D (29 knjiga)<\/div>\n<div>7.) 2. F (28 knjiga)<\/div>\n<div>8.) III. E (26 knjiga)<\/div>\n<div>9.) 2. A (19 knjiga)<\/div>\n<div>10.) 2. D (18 knjiga)<\/div>\n<div>11.) I. B (17 knjiga)<\/div>\n","protected":false},"excerpt":{"rendered":"<p>Prva gimnazija uklju\u010dila se u humanitarnu akciju prikupljanja knjiga za Osnovnu \u0161kolu Antuna i Stjepana Radi\u0107a u Gunji, koju su organizirale Knji\u017enice grada Zagreba. Akcija je trajala dva nastavna tjedna od 15. do 29. rujna 2014. godine. Odazvao se iznimno velik broj u\u010denika iz jedanaest razreda te je sakupljeno 511 knjiga &#8211; lektirni naslovi za [&hellip;]<\/p>\n","protected":false},"author":1,"featured_media":0,"comment_status":"closed","ping_status":"closed","sticky":false,"template":"","format":"standard","meta":{"_et_pb_use_builder":"","_et_pb_old_content":"","_et_gb_content_width":"","footnotes":""},"categories":[9],"tags":[],"class_list":["post-899","post","type-post","status-publish","format-standard","hentry","category-arhiva"],"_links":{"self":[{"href":"https:\/\/prva.hr\/index.php\/wp-json\/wp\/v2\/posts\/899","targetHints":{"allow":["GET"]}}],"collection":[{"href":"https:\/\/prva.hr\/index.php\/wp-json\/wp\/v2\/posts"}],"about":[{"href":"https:\/\/prva.hr\/index.php\/wp-json\/wp\/v2\/types\/post"}],"author":[{"embeddable":true,"href":"https:\/\/prva.hr\/index.php\/wp-json\/wp\/v2\/users\/1"}],"replies":[{"embeddable":true,"href":"https:\/\/prva.hr\/index.php\/wp-json\/wp\/v2\/comments?post=899"}],"version-history":[{"count":2,"href":"https:\/\/prva.hr\/index.php\/wp-json\/wp\/v2\/posts\/899\/revisions"}],"predecessor-version":[{"id":901,"href":"https:\/\/prva.hr\/index.php\/wp-json\/wp\/v2\/posts\/899\/revisions\/901"}],"wp:attachment":[{"href":"https:\/\/prva.hr\/index.php\/wp-json\/wp\/v2\/media?parent=899"}],"wp:term":[{"taxonomy":"category","embeddable":true,"href":"https:\/\/prva.hr\/index.php\/wp-json\/wp\/v2\/categories?post=899"},{"taxonomy":"post_tag","embeddable":true,"href":"https:\/\/prva.hr\/index.php\/wp-json\/wp\/v2\/tags?post=899"}],"curies":[{"name":"wp","href":"https:\/\/api.w.org\/{rel}","templated":true}]}}