{"id":906,"date":"2014-10-15T21:24:14","date_gmt":"2014-10-15T19:24:14","guid":{"rendered":"http:\/\/www2.prva.hr\/?p=906"},"modified":"2017-08-06T21:24:43","modified_gmt":"2017-08-06T19:24:43","slug":"objavljen-intervju-s-voditeljicom-volonterskog-kluba-i-gimnazije-u-casopisu-glorija","status":"publish","type":"post","link":"https:\/\/prva.hr\/index.php\/2014\/10\/15\/objavljen-intervju-s-voditeljicom-volonterskog-kluba-i-gimnazije-u-casopisu-glorija\/","title":{"rendered":"OBJAVLJEN INTERVJU S VODITELJICOM VOLONTERSKOG KLUBA I. GIMNAZIJE U \u010cASOPISU GLORIJA"},"content":{"rendered":"<p>Povodom osvajanja nagrade Grada Zagreba \u201eLuka Ritz- nasilje nije hrabrost\u201c,\u00a0 novinarka \u010dasopisa Glorija, razgovarala je s u\u010denicom 4.e razreda i voditeljicom Volonterskog kluba I. gimnazije Barbarom Rubini\u0107. Vi\u0161e o Barbarinom nesebi\u010dnom volonterskom anga\u017emanu mo\u017eete pro\u010ditati \u00a0reporta\u017ei objavljenoj u \u010dasopisu Glorija, br. 1031 od 9. 10. 2014. god.<\/p>\n<p>&nbsp;<\/p>\n<p><a href=\"http:\/\/www.prva.hr\/images\/pdf\/Rubinic-glorija.JPG\" target=\"_blank\"><img decoding=\"async\" data-src=\"http:\/\/www.prva.hr\/images\/pdf\/Rubinic-glorija.JPG\" width=\"200\" height=\"281\" border=\"0\" src=\"data:image\/svg+xml;base64,PHN2ZyB3aWR0aD0iMSIgaGVpZ2h0PSIxIiB4bWxucz0iaHR0cDovL3d3dy53My5vcmcvMjAwMC9zdmciPjwvc3ZnPg==\" class=\"lazyload\" style=\"--smush-placeholder-width: 200px; --smush-placeholder-aspect-ratio: 200\/281;\" \/><\/a> <a href=\"http:\/\/www.prva.hr\/images\/pdf\/Rubinic-glorija2.JPG\" target=\"_blank\"><img decoding=\"async\" data-src=\"http:\/\/www.prva.hr\/images\/pdf\/Rubinic-glorija2.JPG\" width=\"200\" height=\"281\" border=\"0\" src=\"data:image\/svg+xml;base64,PHN2ZyB3aWR0aD0iMSIgaGVpZ2h0PSIxIiB4bWxucz0iaHR0cDovL3d3dy53My5vcmcvMjAwMC9zdmciPjwvc3ZnPg==\" class=\"lazyload\" style=\"--smush-placeholder-width: 200px; --smush-placeholder-aspect-ratio: 200\/281;\" \/><\/a><\/p>\n","protected":false},"excerpt":{"rendered":"<p>Povodom osvajanja nagrade Grada Zagreba \u201eLuka Ritz- nasilje nije hrabrost\u201c,\u00a0 novinarka \u010dasopisa Glorija, razgovarala je s u\u010denicom 4.e razreda i voditeljicom Volonterskog kluba I. gimnazije Barbarom Rubini\u0107. Vi\u0161e o Barbarinom nesebi\u010dnom volonterskom anga\u017emanu mo\u017eete pro\u010ditati \u00a0reporta\u017ei objavljenoj u \u010dasopisu Glorija, br. 1031 od 9. 10. 2014. god. &nbsp;<\/p>\n","protected":false},"author":1,"featured_media":0,"comment_status":"closed","ping_status":"closed","sticky":false,"template":"","format":"standard","meta":{"_et_pb_use_builder":"","_et_pb_old_content":"","_et_gb_content_width":"","footnotes":""},"categories":[9],"tags":[],"class_list":["post-906","post","type-post","status-publish","format-standard","hentry","category-arhiva"],"_links":{"self":[{"href":"https:\/\/prva.hr\/index.php\/wp-json\/wp\/v2\/posts\/906","targetHints":{"allow":["GET"]}}],"collection":[{"href":"https:\/\/prva.hr\/index.php\/wp-json\/wp\/v2\/posts"}],"about":[{"href":"https:\/\/prva.hr\/index.php\/wp-json\/wp\/v2\/types\/post"}],"author":[{"embeddable":true,"href":"https:\/\/prva.hr\/index.php\/wp-json\/wp\/v2\/users\/1"}],"replies":[{"embeddable":true,"href":"https:\/\/prva.hr\/index.php\/wp-json\/wp\/v2\/comments?post=906"}],"version-history":[{"count":1,"href":"https:\/\/prva.hr\/index.php\/wp-json\/wp\/v2\/posts\/906\/revisions"}],"predecessor-version":[{"id":907,"href":"https:\/\/prva.hr\/index.php\/wp-json\/wp\/v2\/posts\/906\/revisions\/907"}],"wp:attachment":[{"href":"https:\/\/prva.hr\/index.php\/wp-json\/wp\/v2\/media?parent=906"}],"wp:term":[{"taxonomy":"category","embeddable":true,"href":"https:\/\/prva.hr\/index.php\/wp-json\/wp\/v2\/categories?post=906"},{"taxonomy":"post_tag","embeddable":true,"href":"https:\/\/prva.hr\/index.php\/wp-json\/wp\/v2\/tags?post=906"}],"curies":[{"name":"wp","href":"https:\/\/api.w.org\/{rel}","templated":true}]}}