{"id":9082,"date":"2021-03-05T17:12:00","date_gmt":"2021-03-05T16:12:00","guid":{"rendered":"http:\/\/www.prva.hr\/?p=9082"},"modified":"2021-04-22T12:18:39","modified_gmt":"2021-04-22T10:18:39","slug":"i-gimnazija-doprinijela-uspjehu-nacionalne-kampanje-sadanje-stabala-zasadi-stablo-ne-budi-panj","status":"publish","type":"post","link":"https:\/\/prva.hr\/index.php\/2021\/03\/05\/i-gimnazija-doprinijela-uspjehu-nacionalne-kampanje-sadanje-stabala-zasadi-stablo-ne-budi-panj\/","title":{"rendered":"I. gimnazija doprinijela uspjehu Nacionalne kampanje sadanje stabala &#8220;Zasadi stablo, ne budi panj!&#8221;"},"content":{"rendered":"<p>U organizaciji Volonterskog kluba I. gimnazije, na\u0161a \u0161kola je ve\u0107 drugu godinu za redom uspje\u0161no sudjelovala u provedbi ekolo\u0161ke akcije sadnje drve\u0107a u okviru Nacionalne kampanje <strong>&#8220;Zasadi stablo, ne budi panj!&#8221;.\u00a0 <\/strong><\/p>\n<p>Unutar <strong>Tjedna kolektivne sadnje stabala u Hrvatskoj<\/strong>,\u00a0<strong> 3.-4. o\u017eujka 2021.<\/strong> volonterke\u00a0 1.e i 4.e razreda posadile su\u00a0 mlada stabla dva crvena javora i stablo drijena te dva grma kurike ispred glavnog ulaza u \u0161kolu. Uz mlada stabla postavljene su oznake s nazivom biljke i akcije.<\/p>\n<p>Time je zelena zona ispred I. gimnazije vidljiva u kartografskoj aplikaciji\u00a0<strong>EduTree platforma\u00a0<\/strong>na digitalnoj karti Hrvatske<strong>:\u00a0<\/strong>https:\/\/panj.crogis.hr?lat=44.65&amp;lng=17.246330078124988&amp;zoom=7<\/p>\n<p>Ovom prilikom se zahvaljujemo g\u0111i Valentini Salaj \u0106etkovi\u0107\u00a0 iz tvrtke Valzor na donaciji stabala.<\/p>\n<p><img decoding=\"async\" class=\"size-medium wp-image-9085 lazyload\" data-src=\"https:\/\/www.prva.hr\/wp-content\/uploads\/2021\/03\/eko-foto-1f-300x225.jpg\" alt=\"\" width=\"300\" height=\"225\" data-srcset=\"https:\/\/prva.hr\/wp-content\/uploads\/2021\/03\/eko-foto-1f-300x225.jpg 300w, https:\/\/prva.hr\/wp-content\/uploads\/2021\/03\/eko-foto-1f-768x576.jpg 768w, https:\/\/prva.hr\/wp-content\/uploads\/2021\/03\/eko-foto-1f-1024x768.jpg 1024w, https:\/\/prva.hr\/wp-content\/uploads\/2021\/03\/eko-foto-1f-400x300.jpg 400w\" data-sizes=\"(max-width: 300px) 100vw, 300px\" src=\"data:image\/svg+xml;base64,PHN2ZyB3aWR0aD0iMSIgaGVpZ2h0PSIxIiB4bWxucz0iaHR0cDovL3d3dy53My5vcmcvMjAwMC9zdmciPjwvc3ZnPg==\" style=\"--smush-placeholder-width: 300px; --smush-placeholder-aspect-ratio: 300\/225;\" \/><\/p>\n<p><img decoding=\"async\" class=\"size-medium wp-image-9086 lazyload\" data-src=\"https:\/\/www.prva.hr\/wp-content\/uploads\/2021\/03\/eko-panj3-225x300.jpg\" alt=\"\" width=\"225\" height=\"300\" data-srcset=\"https:\/\/prva.hr\/wp-content\/uploads\/2021\/03\/eko-panj3-225x300.jpg 225w, https:\/\/prva.hr\/wp-content\/uploads\/2021\/03\/eko-panj3-768x1024.jpg 768w\" data-sizes=\"(max-width: 225px) 100vw, 225px\" src=\"data:image\/svg+xml;base64,PHN2ZyB3aWR0aD0iMSIgaGVpZ2h0PSIxIiB4bWxucz0iaHR0cDovL3d3dy53My5vcmcvMjAwMC9zdmciPjwvc3ZnPg==\" style=\"--smush-placeholder-width: 225px; --smush-placeholder-aspect-ratio: 225\/300;\" \/><\/p>\n<p><img decoding=\"async\" class=\"alignnone size-medium wp-image-9087 lazyload\" data-src=\"https:\/\/www.prva.hr\/wp-content\/uploads\/2021\/03\/eko-foto-1b-300x225.jpg\" alt=\"\" width=\"300\" height=\"225\" data-srcset=\"https:\/\/prva.hr\/wp-content\/uploads\/2021\/03\/eko-foto-1b-300x225.jpg 300w, https:\/\/prva.hr\/wp-content\/uploads\/2021\/03\/eko-foto-1b-768x576.jpg 768w, https:\/\/prva.hr\/wp-content\/uploads\/2021\/03\/eko-foto-1b-1024x768.jpg 1024w, https:\/\/prva.hr\/wp-content\/uploads\/2021\/03\/eko-foto-1b-400x300.jpg 400w, https:\/\/prva.hr\/wp-content\/uploads\/2021\/03\/eko-foto-1b.jpg 1600w\" data-sizes=\"(max-width: 300px) 100vw, 300px\" src=\"data:image\/svg+xml;base64,PHN2ZyB3aWR0aD0iMSIgaGVpZ2h0PSIxIiB4bWxucz0iaHR0cDovL3d3dy53My5vcmcvMjAwMC9zdmciPjwvc3ZnPg==\" style=\"--smush-placeholder-width: 300px; --smush-placeholder-aspect-ratio: 300\/225;\" \/>\u00a0Volonterke I. gimnazije u Nacionalnoj kampanji sadnje stabala\u00a0 u Hrvatskoj &#8220;Zasadi stablo, ne budi panj!&#8221;<\/p>\n","protected":false},"excerpt":{"rendered":"<p>U organizaciji Volonterskog kluba I. gimnazije, na\u0161a \u0161kola je ve\u0107 drugu godinu za redom uspje\u0161no sudjelovala u provedbi ekolo\u0161ke akcije sadnje drve\u0107a u okviru Nacionalne kampanje &#8220;Zasadi stablo, ne budi panj!&#8221;.\u00a0 Unutar Tjedna kolektivne sadnje stabala u Hrvatskoj,\u00a0 3.-4. o\u017eujka 2021. volonterke\u00a0 1.e i 4.e razreda posadile su\u00a0 mlada stabla dva crvena javora i stablo [&hellip;]<\/p>\n","protected":false},"author":6,"featured_media":9084,"comment_status":"closed","ping_status":"closed","sticky":false,"template":"","format":"standard","meta":{"_et_pb_use_builder":"","_et_pb_old_content":"","_et_gb_content_width":"","footnotes":""},"categories":[5,22,45,6],"tags":[],"class_list":["post-9082","post","type-post","status-publish","format-standard","has-post-thumbnail","hentry","category-aktivnosti","category-eko-grupa","category-aktivnosti-izvannastavne-aktivnosti-volonterski-klub","category-aktualna-dogadanja"],"_links":{"self":[{"href":"https:\/\/prva.hr\/index.php\/wp-json\/wp\/v2\/posts\/9082","targetHints":{"allow":["GET"]}}],"collection":[{"href":"https:\/\/prva.hr\/index.php\/wp-json\/wp\/v2\/posts"}],"about":[{"href":"https:\/\/prva.hr\/index.php\/wp-json\/wp\/v2\/types\/post"}],"author":[{"embeddable":true,"href":"https:\/\/prva.hr\/index.php\/wp-json\/wp\/v2\/users\/6"}],"replies":[{"embeddable":true,"href":"https:\/\/prva.hr\/index.php\/wp-json\/wp\/v2\/comments?post=9082"}],"version-history":[{"count":5,"href":"https:\/\/prva.hr\/index.php\/wp-json\/wp\/v2\/posts\/9082\/revisions"}],"predecessor-version":[{"id":9091,"href":"https:\/\/prva.hr\/index.php\/wp-json\/wp\/v2\/posts\/9082\/revisions\/9091"}],"wp:featuredmedia":[{"embeddable":true,"href":"https:\/\/prva.hr\/index.php\/wp-json\/wp\/v2\/media\/9084"}],"wp:attachment":[{"href":"https:\/\/prva.hr\/index.php\/wp-json\/wp\/v2\/media?parent=9082"}],"wp:term":[{"taxonomy":"category","embeddable":true,"href":"https:\/\/prva.hr\/index.php\/wp-json\/wp\/v2\/categories?post=9082"},{"taxonomy":"post_tag","embeddable":true,"href":"https:\/\/prva.hr\/index.php\/wp-json\/wp\/v2\/tags?post=9082"}],"curies":[{"name":"wp","href":"https:\/\/api.w.org\/{rel}","templated":true}]}}