{"id":910,"date":"2014-11-10T21:25:31","date_gmt":"2014-11-10T20:25:31","guid":{"rendered":"http:\/\/www2.prva.hr\/?p=910"},"modified":"2017-08-06T21:26:17","modified_gmt":"2017-08-06T19:26:17","slug":"poziv-na-svecanu-dodjelu-nagrade-grada-zagreba-luka-ritz-nasilje-nije-hrabrost-2014-voditeljici-volonterskog-kluba-barbari-rubinic","status":"publish","type":"post","link":"https:\/\/prva.hr\/index.php\/2014\/11\/10\/poziv-na-svecanu-dodjelu-nagrade-grada-zagreba-luka-ritz-nasilje-nije-hrabrost-2014-voditeljici-volonterskog-kluba-barbari-rubinic\/","title":{"rendered":"POZIV NA SVE\u010cANU DODJELU NAGRADE GRADA ZAGREBA \u201eLUKA RITZ \u2013 NASILJE NIJE HRABROST 2014\u201c VODITELJICI VOLONTERSKOG KLUBA BARBARI RUBINI\u0106"},"content":{"rendered":"<p style=\"text-align: justify; color: #222222; line-height: 11.7pt; font-family: 'Times New Roman', serif; font-size: 12pt; margin-right: 0cm; margin-bottom: 3.75pt; margin-left: 0cm;\">Povodom Me\u0111unarodnog dana tolerancije u\u00a0<strong>nedjelju 16. studenoga 2014. god .<\/strong><strong> u 11.00 sati<\/strong> u Staroj gradskoj vije\u0107nici odr\u017eat \u0107e se\u00a0<strong>sve\u010dana dodjela Nagrade Grada Zagreba \u201eLuka Ritz &#8211; nasilje nije hrabrost\u201c<\/strong>za 2014. voditeljici Volonterskog kluba Barbari Rubini\u0107.<\/p>\n<p style=\"text-align: justify; color: #222222; line-height: 11.7pt; font-family: 'Times New Roman', serif; font-size: 12pt; margin-right: 0cm; margin-bottom: 3.75pt; margin-left: 0cm;\">Pozivamo u\u010denike i \u010dlanove Volonterskog kluba zainteresirane \u00a0za odlazak na sve\u010danu dodjelu da se prijave kod \u0161kolske psihologinje Vlaste Luka\u010devi\u0107 najkasnije u \u00a0srijedu 12.11.2014.<\/p>\n<p style=\"text-align: justify; color: #222222; line-height: 11.7pt; font-family: 'Times New Roman', serif; font-size: 12pt; margin-right: 0cm; margin-bottom: 3.75pt; margin-left: 0cm;\">\n<p style=\"text-align: center; color: #222222; line-height: 11.7pt; font-family: 'Times New Roman', serif; font-size: 12pt; margin-right: 0cm; margin-bottom: 3.75pt; margin-left: 0cm;\"><img decoding=\"async\" data-src=\"http:\/\/www.prva.hr\/images\/pdf\/Rubinic.JPG\" width=\"151\" height=\"200\" border=\"0\" src=\"data:image\/svg+xml;base64,PHN2ZyB3aWR0aD0iMSIgaGVpZ2h0PSIxIiB4bWxucz0iaHR0cDovL3d3dy53My5vcmcvMjAwMC9zdmciPjwvc3ZnPg==\" class=\"lazyload\" style=\"--smush-placeholder-width: 151px; --smush-placeholder-aspect-ratio: 151\/200;\" \/><\/p>\n","protected":false},"excerpt":{"rendered":"<p>Povodom Me\u0111unarodnog dana tolerancije u\u00a0nedjelju 16. studenoga 2014. god . u 11.00 sati u Staroj gradskoj vije\u0107nici odr\u017eat \u0107e se\u00a0sve\u010dana dodjela Nagrade Grada Zagreba \u201eLuka Ritz &#8211; nasilje nije hrabrost\u201cza 2014. voditeljici Volonterskog kluba Barbari Rubini\u0107. Pozivamo u\u010denike i \u010dlanove Volonterskog kluba zainteresirane \u00a0za odlazak na sve\u010danu dodjelu da se prijave kod \u0161kolske psihologinje Vlaste [&hellip;]<\/p>\n","protected":false},"author":1,"featured_media":0,"comment_status":"closed","ping_status":"closed","sticky":false,"template":"","format":"standard","meta":{"_et_pb_use_builder":"","_et_pb_old_content":"","_et_gb_content_width":"","footnotes":""},"categories":[9],"tags":[],"class_list":["post-910","post","type-post","status-publish","format-standard","hentry","category-arhiva"],"_links":{"self":[{"href":"https:\/\/prva.hr\/index.php\/wp-json\/wp\/v2\/posts\/910","targetHints":{"allow":["GET"]}}],"collection":[{"href":"https:\/\/prva.hr\/index.php\/wp-json\/wp\/v2\/posts"}],"about":[{"href":"https:\/\/prva.hr\/index.php\/wp-json\/wp\/v2\/types\/post"}],"author":[{"embeddable":true,"href":"https:\/\/prva.hr\/index.php\/wp-json\/wp\/v2\/users\/1"}],"replies":[{"embeddable":true,"href":"https:\/\/prva.hr\/index.php\/wp-json\/wp\/v2\/comments?post=910"}],"version-history":[{"count":1,"href":"https:\/\/prva.hr\/index.php\/wp-json\/wp\/v2\/posts\/910\/revisions"}],"predecessor-version":[{"id":911,"href":"https:\/\/prva.hr\/index.php\/wp-json\/wp\/v2\/posts\/910\/revisions\/911"}],"wp:attachment":[{"href":"https:\/\/prva.hr\/index.php\/wp-json\/wp\/v2\/media?parent=910"}],"wp:term":[{"taxonomy":"category","embeddable":true,"href":"https:\/\/prva.hr\/index.php\/wp-json\/wp\/v2\/categories?post=910"},{"taxonomy":"post_tag","embeddable":true,"href":"https:\/\/prva.hr\/index.php\/wp-json\/wp\/v2\/tags?post=910"}],"curies":[{"name":"wp","href":"https:\/\/api.w.org\/{rel}","templated":true}]}}