{"id":9164,"date":"2021-03-17T19:17:37","date_gmt":"2021-03-17T18:17:37","guid":{"rendered":"http:\/\/www.prva.hr\/?p=9164"},"modified":"2021-03-29T16:45:31","modified_gmt":"2021-03-29T14:45:31","slug":"uspjesna-humanitarna-akcija-darivanja-krvi-u-prvoj","status":"publish","type":"post","link":"https:\/\/prva.hr\/index.php\/2021\/03\/17\/uspjesna-humanitarna-akcija-darivanja-krvi-u-prvoj\/","title":{"rendered":"Uspje\u0161na humanitarna akcija darivanja krvi u Prvoj"},"content":{"rendered":"<p>U ponedjeljak <strong>15. o\u017eujka 2021.<\/strong>\u00a0 u organizaciji Hrvatskog Crvenog kri\u017ea uspje\u0161no je provedena<strong> humanitarna akcija dobrovoljnog darivanja krvi.<\/strong><\/p>\n<p>Akciji se odazvalo vi\u0161e od 50 u\u010denika, a preko 30 ih je darivalo krv. Osim punoljetnih u\u010denika i u\u010denicama<\/p>\n<p>na\u0161e \u0161kole, u akciji su sudjelovali profesori i stru\u010dna slu\u017eba \u0161kole.<\/p>\n<p>Hvala svima koji su doprinijeli uspjehu akcije!\u2764\ufe0f<\/p>\n<div id=\"attachment_9167\" style=\"width: 310px\" class=\"wp-caption alignnone\"><img decoding=\"async\" aria-describedby=\"caption-attachment-9167\" class=\"size-medium wp-image-9167 lazyload\" data-src=\"https:\/\/www.prva.hr\/wp-content\/uploads\/2021\/03\/HCK-krv-1-300x165.jpg\" alt=\"\" width=\"300\" height=\"165\" data-srcset=\"https:\/\/prva.hr\/wp-content\/uploads\/2021\/03\/HCK-krv-1-300x165.jpg 300w, https:\/\/prva.hr\/wp-content\/uploads\/2021\/03\/HCK-krv-1-768x422.jpg 768w, https:\/\/prva.hr\/wp-content\/uploads\/2021\/03\/HCK-krv-1-1024x562.jpg 1024w, https:\/\/prva.hr\/wp-content\/uploads\/2021\/03\/HCK-krv-1-400x220.jpg 400w\" data-sizes=\"(max-width: 300px) 100vw, 300px\" src=\"data:image\/svg+xml;base64,PHN2ZyB3aWR0aD0iMSIgaGVpZ2h0PSIxIiB4bWxucz0iaHR0cDovL3d3dy53My5vcmcvMjAwMC9zdmciPjwvc3ZnPg==\" style=\"--smush-placeholder-width: 300px; --smush-placeholder-aspect-ratio: 300\/165;\" \/><p id=\"caption-attachment-9167\" class=\"wp-caption-text\">Humanitarna akcija darivanja krvi u Prvoj<\/p><\/div>\n<p><img decoding=\"async\" class=\"size-medium wp-image-9168 lazyload\" data-src=\"https:\/\/www.prva.hr\/wp-content\/uploads\/2021\/03\/hck-krv2-300x277.jpg\" alt=\"\" width=\"300\" height=\"277\" data-srcset=\"https:\/\/prva.hr\/wp-content\/uploads\/2021\/03\/hck-krv2-300x277.jpg 300w, https:\/\/prva.hr\/wp-content\/uploads\/2021\/03\/hck-krv2-768x708.jpg 768w, https:\/\/prva.hr\/wp-content\/uploads\/2021\/03\/hck-krv2-1024x944.jpg 1024w, https:\/\/prva.hr\/wp-content\/uploads\/2021\/03\/hck-krv2-325x300.jpg 325w\" data-sizes=\"(max-width: 300px) 100vw, 300px\" src=\"data:image\/svg+xml;base64,PHN2ZyB3aWR0aD0iMSIgaGVpZ2h0PSIxIiB4bWxucz0iaHR0cDovL3d3dy53My5vcmcvMjAwMC9zdmciPjwvc3ZnPg==\" style=\"--smush-placeholder-width: 300px; --smush-placeholder-aspect-ratio: 300\/277;\" \/><\/p>\n","protected":false},"excerpt":{"rendered":"<p>U ponedjeljak 15. o\u017eujka 2021.\u00a0 u organizaciji Hrvatskog Crvenog kri\u017ea uspje\u0161no je provedena humanitarna akcija dobrovoljnog darivanja krvi. Akciji se odazvalo vi\u0161e od 50 u\u010denika, a preko 30 ih je darivalo krv. Osim punoljetnih u\u010denika i u\u010denicama na\u0161e \u0161kole, u akciji su sudjelovali profesori i stru\u010dna slu\u017eba \u0161kole. Hvala svima koji su doprinijeli uspjehu akcije!\u2764\ufe0f<\/p>\n","protected":false},"author":6,"featured_media":9166,"comment_status":"closed","ping_status":"closed","sticky":false,"template":"","format":"standard","meta":{"_et_pb_use_builder":"","_et_pb_old_content":"","_et_gb_content_width":"","footnotes":""},"categories":[5,49,12,7],"tags":[],"class_list":["post-9164","post","type-post","status-publish","format-standard","has-post-thumbnail","hentry","category-aktivnosti","category-aktivnosti-izvannastavne-aktivnosti-crveni-kriz","category-osvrti","category-crveni-kriz"],"_links":{"self":[{"href":"https:\/\/prva.hr\/index.php\/wp-json\/wp\/v2\/posts\/9164","targetHints":{"allow":["GET"]}}],"collection":[{"href":"https:\/\/prva.hr\/index.php\/wp-json\/wp\/v2\/posts"}],"about":[{"href":"https:\/\/prva.hr\/index.php\/wp-json\/wp\/v2\/types\/post"}],"author":[{"embeddable":true,"href":"https:\/\/prva.hr\/index.php\/wp-json\/wp\/v2\/users\/6"}],"replies":[{"embeddable":true,"href":"https:\/\/prva.hr\/index.php\/wp-json\/wp\/v2\/comments?post=9164"}],"version-history":[{"count":3,"href":"https:\/\/prva.hr\/index.php\/wp-json\/wp\/v2\/posts\/9164\/revisions"}],"predecessor-version":[{"id":9171,"href":"https:\/\/prva.hr\/index.php\/wp-json\/wp\/v2\/posts\/9164\/revisions\/9171"}],"wp:featuredmedia":[{"embeddable":true,"href":"https:\/\/prva.hr\/index.php\/wp-json\/wp\/v2\/media\/9166"}],"wp:attachment":[{"href":"https:\/\/prva.hr\/index.php\/wp-json\/wp\/v2\/media?parent=9164"}],"wp:term":[{"taxonomy":"category","embeddable":true,"href":"https:\/\/prva.hr\/index.php\/wp-json\/wp\/v2\/categories?post=9164"},{"taxonomy":"post_tag","embeddable":true,"href":"https:\/\/prva.hr\/index.php\/wp-json\/wp\/v2\/tags?post=9164"}],"curies":[{"name":"wp","href":"https:\/\/api.w.org\/{rel}","templated":true}]}}