{"id":918,"date":"2014-12-04T21:28:16","date_gmt":"2014-12-04T20:28:16","guid":{"rendered":"http:\/\/www2.prva.hr\/?p=918"},"modified":"2017-08-06T21:28:39","modified_gmt":"2017-08-06T19:28:39","slug":"proslava-160-rodendana","status":"publish","type":"post","link":"https:\/\/prva.hr\/index.php\/2014\/12\/04\/proslava-160-rodendana\/","title":{"rendered":"Proslava 160. ro\u0111endana"},"content":{"rendered":"<p>160 godina&#8230;zvu\u010di nevjerojatno, ali upravo toliko ljeta ima na\u0161a Prva. Taj veliki jubilej zaslu\u017eio je i posebno obilje\u017eavanje, a ba\u0161 takvo smo i uprili\u010dili!<\/p>\n<p>Pripreme su trajale mjesecima i obuhvatile su veliki broj ljudi \u2013 nastavnika, sada\u0161njih i biv\u0161ih u\u010denika. Rezultati su bili zadivljuju\u0107i.<\/p>\n<p>Sve je po\u010delo 19. studenoga 2014. sve\u010danim otvaranjem izlo\u017ebe u\u010deni\u010dkih radova (crte\u017ea i fotografija) u \u0161kolskoj knji\u017enici na temu <em>Moja<\/em> <em>\u0161kola<\/em>. Istoga dana iza\u0161la je <em>Ljetografija<\/em> \u2013 povijesni prikaz\u00a0 \u0161kole s naglaskom na posljednjih deset godina. Na jednom mjestu nalaze se svi na\u0161i uspjesi i dosezi, imena svih u\u010denika koji su maturirali, sve na\u0161e aktivnosti i projekti, uspjesi na Dr\u017eavnoj maturi, dodijeljene nam nagrade, na\u0161 humanitarni i volonterski anga\u017eman&#8230; Istaknuti su nabolji pojedinci i razredi.<\/p>\n<p>Na sam ro\u0111endan, 20. studenoga, u kinodvorani Studentskog centra odr\u017eali smo priredbu za vi\u0161e od tisu\u0107u ljudi. Bili su tu svi djelatnici \u0161kole, sada\u0161nji u\u010denici, ali i mnogi biv\u0161i, neki od njih maturirali su u Prvoj prije gotovo \u0161ezdeset godina. Do\u0161li su nam i na\u0161i dragi <em>penzi\u0107i, <\/em>umirovljeni profesori te kolege koji su kod nas radili tijekom proteklih deset godina. Gosti su nam bili i brojni ravnatelji zagreba\u010dkih \u0161kola, a posebno nam je drago \u0161to su priredbi nazo\u010dili i predsjednik Republike Hrvatske Ivo Josipovi\u0107 te ministar znanosti, obrazovanja i sporta Vedran Mornar, obojica biv\u0161i u\u010denici Prve gimnazije. Sama priredba \u00a0bila je kola\u017e najboljih plesnih i glazbenih nastupa na\u0161ih u\u010denika koji su godinama oboga\u0107ivali kulturni \u017eivot \u0161kole. \u010citav program, vrlo duhovito i simpati\u010dno, vodili su Iva \u0160ulenti\u0107 i Ivan Vuku\u0161i\u0107 (treba li spomenuti da su i oni bili na\u0161i u\u010denici?). Na samom kraju na pozornicu su stali i profesori koji su pjesmom poru\u010dili svima da \u201enije u novcima sve\u201c. Dakako, to je izazvalo ovacije publike.<\/p>\n<p>Tjednima prije doga\u0111anja u Studentskom centru skupina u\u010denika marljivo je stvarala film o \u0161koli snimaju\u0107i i prikupljaju\u0107i dojmove nastavnika i u\u010denika. Rezultat je sjajan desetominutni dokumentarac koji do\u010darava atmosferu i dinamiku \u0161kole. Film je premijerno prikazan na sve\u010danoj priredbi. Nevjerojatni\u00a0 re\u017eiserski talent pokazao je u\u010denik Luka Prusec koji je obavio najve\u0107i dio posla na stvaranju filma. \u010cestitke njemu i svim njegovim kolegama koji su se sjajno sna\u0161li u ovom poslu!<\/p>\n<p>Sve aktivnosti odvijale su se pod budnim okom male skupine ljudi koji su sve uskladili: profesora Ivana Janji\u0107a, Goranke Markovi\u0107, Marine Vitkovi\u0107 i Meri Matu\u0161an te socijalne pedagoginje \u017deljke Kraki\u0107. Mno\u0161tvo nastavnika dalo je svoj doprinos u prilozima za <em>Ljetografiju<\/em>, a profesorica Martina \u0160obar ju je lektorirala.<\/p>\n<p>Ipak, najva\u017eniju ulogu odigrala je na\u0161a ravnateljica Dunja Maru\u0161i\u0107 Brezeti\u0107 pod \u010dijim je odli\u010dnim vodstvom sve nastalo. I ispalo sjajno! Ispri\u010dana je jedna zaokru\u017eena topla pri\u010da koja je ispunila na\u0161a srca ponosom \u0161to smo dio povijesti velike Prve!<\/p>\n<p>&nbsp;<\/p>\n<p>Meri Matu\u0161an, prof.<\/p>\n","protected":false},"excerpt":{"rendered":"<p>160 godina&#8230;zvu\u010di nevjerojatno, ali upravo toliko ljeta ima na\u0161a Prva. Taj veliki jubilej zaslu\u017eio je i posebno obilje\u017eavanje, a ba\u0161 takvo smo i uprili\u010dili! Pripreme su trajale mjesecima i obuhvatile su veliki broj ljudi \u2013 nastavnika, sada\u0161njih i biv\u0161ih u\u010denika. Rezultati su bili zadivljuju\u0107i. Sve je po\u010delo 19. studenoga 2014. sve\u010danim otvaranjem izlo\u017ebe u\u010deni\u010dkih radova [&hellip;]<\/p>\n","protected":false},"author":1,"featured_media":0,"comment_status":"closed","ping_status":"closed","sticky":false,"template":"","format":"standard","meta":{"_et_pb_use_builder":"","_et_pb_old_content":"","_et_gb_content_width":"","footnotes":""},"categories":[9],"tags":[],"class_list":["post-918","post","type-post","status-publish","format-standard","hentry","category-arhiva"],"_links":{"self":[{"href":"https:\/\/prva.hr\/index.php\/wp-json\/wp\/v2\/posts\/918","targetHints":{"allow":["GET"]}}],"collection":[{"href":"https:\/\/prva.hr\/index.php\/wp-json\/wp\/v2\/posts"}],"about":[{"href":"https:\/\/prva.hr\/index.php\/wp-json\/wp\/v2\/types\/post"}],"author":[{"embeddable":true,"href":"https:\/\/prva.hr\/index.php\/wp-json\/wp\/v2\/users\/1"}],"replies":[{"embeddable":true,"href":"https:\/\/prva.hr\/index.php\/wp-json\/wp\/v2\/comments?post=918"}],"version-history":[{"count":1,"href":"https:\/\/prva.hr\/index.php\/wp-json\/wp\/v2\/posts\/918\/revisions"}],"predecessor-version":[{"id":919,"href":"https:\/\/prva.hr\/index.php\/wp-json\/wp\/v2\/posts\/918\/revisions\/919"}],"wp:attachment":[{"href":"https:\/\/prva.hr\/index.php\/wp-json\/wp\/v2\/media?parent=918"}],"wp:term":[{"taxonomy":"category","embeddable":true,"href":"https:\/\/prva.hr\/index.php\/wp-json\/wp\/v2\/categories?post=918"},{"taxonomy":"post_tag","embeddable":true,"href":"https:\/\/prva.hr\/index.php\/wp-json\/wp\/v2\/tags?post=918"}],"curies":[{"name":"wp","href":"https:\/\/api.w.org\/{rel}","templated":true}]}}