{"id":920,"date":"2014-12-08T21:28:50","date_gmt":"2014-12-08T20:28:50","guid":{"rendered":"http:\/\/www2.prva.hr\/?p=920"},"modified":"2017-08-06T21:29:12","modified_gmt":"2017-08-06T19:29:12","slug":"i-gimnazija-osvojila-drzavnu-nagradu-vlade-rh-za-volonterstvo","status":"publish","type":"post","link":"https:\/\/prva.hr\/index.php\/2014\/12\/08\/i-gimnazija-osvojila-drzavnu-nagradu-vlade-rh-za-volonterstvo\/","title":{"rendered":"I. GIMNAZIJA OSVOJILA DR\u017dAVNU NAGRADU VLADE RH ZA VOLONTERSTVO!"},"content":{"rendered":"<p>Povodom Me\u0111unarodnog dana\u00a0 volontera, u \u00a0petak 5.12. 2014. u prostoru Vlade RH, odr\u017eana je sve\u010dana dodjela <strong>Dr\u017eavne nagrade \u00a0za volonterstvo<\/strong> <strong>I. gimnaziji <\/strong><strong>kao organizatoru volontiranja u 2014. god.<\/strong><\/p>\n<p>Tu najvi\u0161u nagradu koja se u podru\u010dju volonterstva\u00a0 dodjeljuje u Republici Hrvatskoj uru\u010dila je ravnateljici I. gimnazije Dunji Maru\u0161i\u0107 Brezeti\u0107, potpredsjednica Vlade RH i ministrica socijalne politike i mladih Milanka Opa\u010di\u0107. Prilikom primanja tog presti\u017enog priznanja, ravnateljica se zahvalila i naglasila da volontersko djelovanja I. gimnazije, preko humanitarnog sajma \u201eKap dobrote\u201c\u00a0 traje ve\u0107 punih 20 god., a Volonterski klub \u0161kole, osnovan na inicijativu u\u010denika \u00a02007. god., \u00a0postao je \u00a0glavni pokreta\u010d \u00a0i nositelj volonterskih i humanitarnih \u00a0doga\u0111anja u \u0161koli.<\/p>\n<p>&nbsp;<\/p>\n<p><img decoding=\"async\" data-src=\"http:\/\/www.prva.hr\/images\/pdf\/Drzavna%20nagrada%20za%20volontiranje.JPG\" width=\"318\" height=\"450\" border=\"0\" src=\"data:image\/svg+xml;base64,PHN2ZyB3aWR0aD0iMSIgaGVpZ2h0PSIxIiB4bWxucz0iaHR0cDovL3d3dy53My5vcmcvMjAwMC9zdmciPjwvc3ZnPg==\" class=\"lazyload\" style=\"--smush-placeholder-width: 318px; --smush-placeholder-aspect-ratio: 318\/450;\" \/><\/p>\n<p>&nbsp;<\/p>\n<p><img width=\"275\" height=\"183\" border=\"0\" \/><\/p>\n<p>&nbsp;<\/p>\n<p>\u010clanak objavljen na mre\u017enim stranicama Vlade Republike Hrvatske mo\u017eete pogledati <a href=\"https:\/\/vlada.gov.hr\/vijesti\/potpredsjednica-vlade-opacic-dodijelila-drzavne-nagrade-za-volontiranje-u-2014-godini\/15282\" target=\"_blank\">ovdje<\/a><\/p>\n","protected":false},"excerpt":{"rendered":"<p>Povodom Me\u0111unarodnog dana\u00a0 volontera, u \u00a0petak 5.12. 2014. u prostoru Vlade RH, odr\u017eana je sve\u010dana dodjela Dr\u017eavne nagrade \u00a0za volonterstvo I. gimnaziji kao organizatoru volontiranja u 2014. god. Tu najvi\u0161u nagradu koja se u podru\u010dju volonterstva\u00a0 dodjeljuje u Republici Hrvatskoj uru\u010dila je ravnateljici I. gimnazije Dunji Maru\u0161i\u0107 Brezeti\u0107, potpredsjednica Vlade RH i ministrica socijalne politike [&hellip;]<\/p>\n","protected":false},"author":1,"featured_media":0,"comment_status":"closed","ping_status":"closed","sticky":false,"template":"","format":"standard","meta":{"_et_pb_use_builder":"","_et_pb_old_content":"","_et_gb_content_width":"","footnotes":""},"categories":[9],"tags":[],"class_list":["post-920","post","type-post","status-publish","format-standard","hentry","category-arhiva"],"_links":{"self":[{"href":"https:\/\/prva.hr\/index.php\/wp-json\/wp\/v2\/posts\/920","targetHints":{"allow":["GET"]}}],"collection":[{"href":"https:\/\/prva.hr\/index.php\/wp-json\/wp\/v2\/posts"}],"about":[{"href":"https:\/\/prva.hr\/index.php\/wp-json\/wp\/v2\/types\/post"}],"author":[{"embeddable":true,"href":"https:\/\/prva.hr\/index.php\/wp-json\/wp\/v2\/users\/1"}],"replies":[{"embeddable":true,"href":"https:\/\/prva.hr\/index.php\/wp-json\/wp\/v2\/comments?post=920"}],"version-history":[{"count":1,"href":"https:\/\/prva.hr\/index.php\/wp-json\/wp\/v2\/posts\/920\/revisions"}],"predecessor-version":[{"id":921,"href":"https:\/\/prva.hr\/index.php\/wp-json\/wp\/v2\/posts\/920\/revisions\/921"}],"wp:attachment":[{"href":"https:\/\/prva.hr\/index.php\/wp-json\/wp\/v2\/media?parent=920"}],"wp:term":[{"taxonomy":"category","embeddable":true,"href":"https:\/\/prva.hr\/index.php\/wp-json\/wp\/v2\/categories?post=920"},{"taxonomy":"post_tag","embeddable":true,"href":"https:\/\/prva.hr\/index.php\/wp-json\/wp\/v2\/tags?post=920"}],"curies":[{"name":"wp","href":"https:\/\/api.w.org\/{rel}","templated":true}]}}