{"id":9227,"date":"2021-03-29T14:24:51","date_gmt":"2021-03-29T12:24:51","guid":{"rendered":"http:\/\/www.prva.hr\/?p=9227"},"modified":"2021-03-29T14:24:51","modified_gmt":"2021-03-29T12:24:51","slug":"otvorene-prijave-za-proljetni-ciklus-filmske-nastave","status":"publish","type":"post","link":"https:\/\/prva.hr\/index.php\/2021\/03\/29\/otvorene-prijave-za-proljetni-ciklus-filmske-nastave\/","title":{"rendered":"Otvorene prijave za proljetni ciklus Filmske naSTAVe"},"content":{"rendered":"<div>Otvorene su prijave za proljetni ciklus\u00a0<i>online\u00a0<\/i>Filmske naSTAVe za srednjo\u0161kolce, studente i njihove nastavnike, u suradnji s Continental filmom!<\/div>\n<div><\/div>\n<div>Proljetni ciklus Filmske naSTAVe odr\u017eat \u0107e se\u00a0<i><b>online<\/b><\/i>\u00a0tijekom proljetnog odmora u\u010denika\u00a0<b>od 6. do 10. travnja<\/b>\u00a0<b>2021.<\/b>\u00a0od 10 do 13 sati, a\u00a0mo\u017eete\u00a0prijaviti svoje u\u010denike i nastavnike na\u00a0<a href=\"https:\/\/filmskanastava.hfs.hr\/prijave-travanj-2021\/\" target=\"_blank\" rel=\"noopener\" data-saferedirecturl=\"https:\/\/www.google.com\/url?q=https:\/\/filmskanastava.hfs.hr\/prijave-travanj-2021\/&amp;source=gmail&amp;ust=1617105820664000&amp;usg=AFQjCNFzoS0B5SLnMP8lnA86IZ0VqIPT3Q\">ovoj poveznici<\/a>\u00a0do\u00a0<b>5. travnja 2021.<\/b>\u00a0godine.<\/div>\n<div><\/div>\n<div>Nakon\u00a0<i>online<\/i>\u00a0gledanja filmova, u\u010denici \u0107e ih analizirati i interpretirati, uz raspravu koju \u0107e voditi predava\u010di. To podrazumijeva stjecanje temeljne filmske pismenosti, a u skladu s time i razumijevanje filmskog jezika.<\/div>\n<div><\/div>\n<div>Detaljnije informacije mo\u017eete prona\u0107i u dokumentu u privitku i na\u00a0<a href=\"https:\/\/filmskanastava.hfs.hr\/\" target=\"_blank\" rel=\"noopener\" data-saferedirecturl=\"https:\/\/www.google.com\/url?q=https:\/\/filmskanastava.hfs.hr\/&amp;source=gmail&amp;ust=1617105820664000&amp;usg=AFQjCNFGGiX6Odow_ixg1QvH1QSnNPkttg\">stranici Filmske naSTAVe.<\/a><\/div>\n","protected":false},"excerpt":{"rendered":"<p>Otvorene su prijave za proljetni ciklus\u00a0online\u00a0Filmske naSTAVe za srednjo\u0161kolce, studente i njihove nastavnike, u suradnji s Continental filmom! Proljetni ciklus Filmske naSTAVe odr\u017eat \u0107e se\u00a0online\u00a0tijekom proljetnog odmora u\u010denika\u00a0od 6. do 10. travnja\u00a02021.\u00a0od 10 do 13 sati, a\u00a0mo\u017eete\u00a0prijaviti svoje u\u010denike i nastavnike na\u00a0ovoj poveznici\u00a0do\u00a05. travnja 2021.\u00a0godine. Nakon\u00a0online\u00a0gledanja filmova, u\u010denici \u0107e ih analizirati i interpretirati, uz raspravu [&hellip;]<\/p>\n","protected":false},"author":7,"featured_media":0,"comment_status":"closed","ping_status":"closed","sticky":false,"template":"","format":"standard","meta":{"_et_pb_use_builder":"","_et_pb_old_content":"","_et_gb_content_width":"","footnotes":""},"categories":[14],"tags":[],"class_list":["post-9227","post","type-post","status-publish","format-standard","hentry","category-dogadanja-izvan-skole"],"_links":{"self":[{"href":"https:\/\/prva.hr\/index.php\/wp-json\/wp\/v2\/posts\/9227","targetHints":{"allow":["GET"]}}],"collection":[{"href":"https:\/\/prva.hr\/index.php\/wp-json\/wp\/v2\/posts"}],"about":[{"href":"https:\/\/prva.hr\/index.php\/wp-json\/wp\/v2\/types\/post"}],"author":[{"embeddable":true,"href":"https:\/\/prva.hr\/index.php\/wp-json\/wp\/v2\/users\/7"}],"replies":[{"embeddable":true,"href":"https:\/\/prva.hr\/index.php\/wp-json\/wp\/v2\/comments?post=9227"}],"version-history":[{"count":1,"href":"https:\/\/prva.hr\/index.php\/wp-json\/wp\/v2\/posts\/9227\/revisions"}],"predecessor-version":[{"id":9228,"href":"https:\/\/prva.hr\/index.php\/wp-json\/wp\/v2\/posts\/9227\/revisions\/9228"}],"wp:attachment":[{"href":"https:\/\/prva.hr\/index.php\/wp-json\/wp\/v2\/media?parent=9227"}],"wp:term":[{"taxonomy":"category","embeddable":true,"href":"https:\/\/prva.hr\/index.php\/wp-json\/wp\/v2\/categories?post=9227"},{"taxonomy":"post_tag","embeddable":true,"href":"https:\/\/prva.hr\/index.php\/wp-json\/wp\/v2\/tags?post=9227"}],"curies":[{"name":"wp","href":"https:\/\/api.w.org\/{rel}","templated":true}]}}