{"id":924,"date":"2015-01-26T21:29:57","date_gmt":"2015-01-26T20:29:57","guid":{"rendered":"http:\/\/www2.prva.hr\/?p=924"},"modified":"2017-08-06T21:30:23","modified_gmt":"2017-08-06T19:30:23","slug":"lidrano-2015","status":"publish","type":"post","link":"https:\/\/prva.hr\/index.php\/2015\/01\/26\/lidrano-2015\/","title":{"rendered":"LiDraNo 2015."},"content":{"rendered":"<p>Lijepo je bilo i ove godine biti dio gu\u017eve i \u017eamora na hodnicima Prve gimnazije, biti dijelom kreativnog kaosa Smotre LiDraNo, \u010diji je na\u0161a \u0160kola doma\u0107in ve\u0107 dugi niz godina. Strpljivi i pa\u017eljivi glumci, redatelji , novinari i profesori, odgledali su, poslu\u0161ali i pro\u010ditali sve u\u010deni\u010dke radove\u00a0 &#8211; pohvalili i kritizirali, nagradili i ohrabrili brojne u\u010denike i njihove mentore. Posebno smo ponosni na veliki broj upravo u\u010denika Prve koji \u0107e u velja\u010di i na \u017eupanijsku razinu Smotre. \u010cESTITAMO glumcima dramske predstave\u00a0 <em>Ubio sam Petra<\/em>, \u00a0pojedina\u010dnom izri\u010daju: Grgi Cipeku, Bartulu Buli\u0107u, Filipu Severu, Leni Medar; literatima i novinarima:\u00a0 Mariji Banek, Evi Jagodi\u0107, Jeleni Lari Marinkovi\u0107 i Damiru \u017ditku te naravno njihovim mentorima profesorima: Ivanu Janji\u0107u, Heleni Begi\u0107, Martini \u0160obar i Antoniji Sikavici Joler.<\/p>\n<p>&nbsp;<\/p>\n<p>Helena Begi\u0107,prof.<\/p>\n<p>&nbsp;<\/p>\n<p><img decoding=\"async\" data-src=\"http:\/\/www.prva.hr\/images\/pdf\/Lidrano1.JPG\" width=\"214\" height=\"143\" border=\"0\" src=\"data:image\/svg+xml;base64,PHN2ZyB3aWR0aD0iMSIgaGVpZ2h0PSIxIiB4bWxucz0iaHR0cDovL3d3dy53My5vcmcvMjAwMC9zdmciPjwvc3ZnPg==\" class=\"lazyload\" style=\"--smush-placeholder-width: 214px; --smush-placeholder-aspect-ratio: 214\/143;\" \/><\/p>\n<p>&nbsp;<\/p>\n<p><img decoding=\"async\" data-src=\"http:\/\/www.prva.hr\/images\/pdf\/Lidrano3.JPG\" width=\"183\" height=\"234\" border=\"0\" src=\"data:image\/svg+xml;base64,PHN2ZyB3aWR0aD0iMSIgaGVpZ2h0PSIxIiB4bWxucz0iaHR0cDovL3d3dy53My5vcmcvMjAwMC9zdmciPjwvc3ZnPg==\" class=\"lazyload\" style=\"--smush-placeholder-width: 183px; --smush-placeholder-aspect-ratio: 183\/234;\" \/><\/p>\n<p>&nbsp;<\/p>\n<p><img decoding=\"async\" data-src=\"http:\/\/www.prva.hr\/images\/pdf\/Lidrano6.JPG\" width=\"176\" height=\"187\" border=\"0\" src=\"data:image\/svg+xml;base64,PHN2ZyB3aWR0aD0iMSIgaGVpZ2h0PSIxIiB4bWxucz0iaHR0cDovL3d3dy53My5vcmcvMjAwMC9zdmciPjwvc3ZnPg==\" class=\"lazyload\" style=\"--smush-placeholder-width: 176px; --smush-placeholder-aspect-ratio: 176\/187;\" \/><\/p>\n<p>&nbsp;<\/p>\n<p><img decoding=\"async\" data-src=\"http:\/\/www.prva.hr\/images\/pdf\/Lidrano5.JPG\" width=\"275\" height=\"158\" border=\"0\" src=\"data:image\/svg+xml;base64,PHN2ZyB3aWR0aD0iMSIgaGVpZ2h0PSIxIiB4bWxucz0iaHR0cDovL3d3dy53My5vcmcvMjAwMC9zdmciPjwvc3ZnPg==\" class=\"lazyload\" style=\"--smush-placeholder-width: 275px; --smush-placeholder-aspect-ratio: 275\/158;\" \/><\/p>\n<p>&nbsp;<\/p>\n<p><img decoding=\"async\" data-src=\"http:\/\/www.prva.hr\/images\/pdf\/Lidrano7.JPG\" width=\"214\" height=\"116\" border=\"0\" src=\"data:image\/svg+xml;base64,PHN2ZyB3aWR0aD0iMSIgaGVpZ2h0PSIxIiB4bWxucz0iaHR0cDovL3d3dy53My5vcmcvMjAwMC9zdmciPjwvc3ZnPg==\" class=\"lazyload\" style=\"--smush-placeholder-width: 214px; --smush-placeholder-aspect-ratio: 214\/116;\" \/><\/p>\n<p>&nbsp;<\/p>\n<p><img decoding=\"async\" data-src=\"http:\/\/www.prva.hr\/images\/pdf\/Lidrano8.JPG\" width=\"220\" height=\"147\" border=\"0\" src=\"data:image\/svg+xml;base64,PHN2ZyB3aWR0aD0iMSIgaGVpZ2h0PSIxIiB4bWxucz0iaHR0cDovL3d3dy53My5vcmcvMjAwMC9zdmciPjwvc3ZnPg==\" class=\"lazyload\" style=\"--smush-placeholder-width: 220px; --smush-placeholder-aspect-ratio: 220\/147;\" \/><\/p>\n","protected":false},"excerpt":{"rendered":"<p>Lijepo je bilo i ove godine biti dio gu\u017eve i \u017eamora na hodnicima Prve gimnazije, biti dijelom kreativnog kaosa Smotre LiDraNo, \u010diji je na\u0161a \u0160kola doma\u0107in ve\u0107 dugi niz godina. Strpljivi i pa\u017eljivi glumci, redatelji , novinari i profesori, odgledali su, poslu\u0161ali i pro\u010ditali sve u\u010deni\u010dke radove\u00a0 &#8211; pohvalili i kritizirali, nagradili i ohrabrili brojne [&hellip;]<\/p>\n","protected":false},"author":1,"featured_media":0,"comment_status":"closed","ping_status":"closed","sticky":false,"template":"","format":"standard","meta":{"_et_pb_use_builder":"","_et_pb_old_content":"","_et_gb_content_width":"","footnotes":""},"categories":[9],"tags":[],"class_list":["post-924","post","type-post","status-publish","format-standard","hentry","category-arhiva"],"_links":{"self":[{"href":"https:\/\/prva.hr\/index.php\/wp-json\/wp\/v2\/posts\/924","targetHints":{"allow":["GET"]}}],"collection":[{"href":"https:\/\/prva.hr\/index.php\/wp-json\/wp\/v2\/posts"}],"about":[{"href":"https:\/\/prva.hr\/index.php\/wp-json\/wp\/v2\/types\/post"}],"author":[{"embeddable":true,"href":"https:\/\/prva.hr\/index.php\/wp-json\/wp\/v2\/users\/1"}],"replies":[{"embeddable":true,"href":"https:\/\/prva.hr\/index.php\/wp-json\/wp\/v2\/comments?post=924"}],"version-history":[{"count":1,"href":"https:\/\/prva.hr\/index.php\/wp-json\/wp\/v2\/posts\/924\/revisions"}],"predecessor-version":[{"id":925,"href":"https:\/\/prva.hr\/index.php\/wp-json\/wp\/v2\/posts\/924\/revisions\/925"}],"wp:attachment":[{"href":"https:\/\/prva.hr\/index.php\/wp-json\/wp\/v2\/media?parent=924"}],"wp:term":[{"taxonomy":"category","embeddable":true,"href":"https:\/\/prva.hr\/index.php\/wp-json\/wp\/v2\/categories?post=924"},{"taxonomy":"post_tag","embeddable":true,"href":"https:\/\/prva.hr\/index.php\/wp-json\/wp\/v2\/tags?post=924"}],"curies":[{"name":"wp","href":"https:\/\/api.w.org\/{rel}","templated":true}]}}