{"id":9255,"date":"2021-04-01T10:44:34","date_gmt":"2021-04-01T08:44:34","guid":{"rendered":"http:\/\/www.prva.hr\/?p=9255"},"modified":"2021-04-01T13:45:02","modified_gmt":"2021-04-01T11:45:02","slug":"plasman-na-drzavno-natjecanje-iz-hrvatskoga-jezika","status":"publish","type":"post","link":"https:\/\/prva.hr\/index.php\/2021\/04\/01\/plasman-na-drzavno-natjecanje-iz-hrvatskoga-jezika\/","title":{"rendered":"Plasman na dr\u017eavno Natjecanje iz hrvatskoga jezika"},"content":{"rendered":"<p><strong>Plasman na dr\u017eavno Natjecanje iz hrvatskoga jezika <\/strong><\/p>\n<p>Ove su se godine na dr\u017eavno Natjecanje iz hrvatskog jezika plasirale vrijedne u\u010denice svih kategorija!<\/p>\n<p>Marta Rimac (mentorica Martina \u0160obar) i Anamarija Kragujevi\u0107 (mentorica Helena Begi\u0107) u konkurenciji 1. razreda;\u00a0 Sara Brali\u0107 (mentorica Nikolina Vrki\u0107) i Lucija Kaurinovi\u0107 (mentorica Helena Begi\u0107) u konkurenciji 2. razreda;\u00a0 Marina Bogovi\u0107 (mentorica Martina \u0160obar) u konkurenciji 3. razreda\u00a0 i Gabrijela Soldan (mentor Ivan Janji\u0107) u konkurenciji 4. razreda!<\/p>\n<p>\u010cestitke u\u010denicama i mentorima!<\/p>\n","protected":false},"excerpt":{"rendered":"<p>Plasman na dr\u017eavno Natjecanje iz hrvatskoga jezika Ove su se godine na dr\u017eavno Natjecanje iz hrvatskog jezika plasirale vrijedne u\u010denice svih kategorija! Marta Rimac (mentorica Martina \u0160obar) i Anamarija Kragujevi\u0107 (mentorica Helena Begi\u0107) u konkurenciji 1. razreda;\u00a0 Sara Brali\u0107 (mentorica Nikolina Vrki\u0107) i Lucija Kaurinovi\u0107 (mentorica Helena Begi\u0107) u konkurenciji 2. razreda;\u00a0 Marina Bogovi\u0107 (mentorica [&hellip;]<\/p>\n","protected":false},"author":7,"featured_media":0,"comment_status":"closed","ping_status":"closed","sticky":false,"template":"","format":"standard","meta":{"_et_pb_use_builder":"","_et_pb_old_content":"","_et_gb_content_width":"","footnotes":""},"categories":[4,24],"tags":[],"class_list":["post-9255","post","type-post","status-publish","format-standard","hentry","category-najnovije-vijesti","category-predmetna-natjecanja"],"_links":{"self":[{"href":"https:\/\/prva.hr\/index.php\/wp-json\/wp\/v2\/posts\/9255","targetHints":{"allow":["GET"]}}],"collection":[{"href":"https:\/\/prva.hr\/index.php\/wp-json\/wp\/v2\/posts"}],"about":[{"href":"https:\/\/prva.hr\/index.php\/wp-json\/wp\/v2\/types\/post"}],"author":[{"embeddable":true,"href":"https:\/\/prva.hr\/index.php\/wp-json\/wp\/v2\/users\/7"}],"replies":[{"embeddable":true,"href":"https:\/\/prva.hr\/index.php\/wp-json\/wp\/v2\/comments?post=9255"}],"version-history":[{"count":1,"href":"https:\/\/prva.hr\/index.php\/wp-json\/wp\/v2\/posts\/9255\/revisions"}],"predecessor-version":[{"id":9256,"href":"https:\/\/prva.hr\/index.php\/wp-json\/wp\/v2\/posts\/9255\/revisions\/9256"}],"wp:attachment":[{"href":"https:\/\/prva.hr\/index.php\/wp-json\/wp\/v2\/media?parent=9255"}],"wp:term":[{"taxonomy":"category","embeddable":true,"href":"https:\/\/prva.hr\/index.php\/wp-json\/wp\/v2\/categories?post=9255"},{"taxonomy":"post_tag","embeddable":true,"href":"https:\/\/prva.hr\/index.php\/wp-json\/wp\/v2\/tags?post=9255"}],"curies":[{"name":"wp","href":"https:\/\/api.w.org\/{rel}","templated":true}]}}