{"id":926,"date":"2015-02-03T21:30:34","date_gmt":"2015-02-03T20:30:34","guid":{"rendered":"http:\/\/www2.prva.hr\/?p=926"},"modified":"2017-08-06T21:30:56","modified_gmt":"2017-08-06T19:30:56","slug":"glasajte-za-voditeljicu-volonterskog-kluba-barbaru-rubinic-na-natjecaju-casopisa-cosmopolitan-za-humanitarku-godine","status":"publish","type":"post","link":"https:\/\/prva.hr\/index.php\/2015\/02\/03\/glasajte-za-voditeljicu-volonterskog-kluba-barbaru-rubinic-na-natjecaju-casopisa-cosmopolitan-za-humanitarku-godine\/","title":{"rendered":"GLASAJTE ZA VODITELJICU VOLONTERSKOG KLUBA BARBARU RUBINI\u0106 NA NATJE\u010cAJU \u010cASOPISA COSMOPOLITAN ZA HUMANITARKU GODINE!"},"content":{"rendered":"<p>Voditeljica Volonterskog kluba I. gimnazije Barbara Rubini\u0107 nominirana je u na natje\u010daju \u010dasopisa Cosmopolitan \u00a0\u201eJa sam vi\u0161e od selfieja\u201c u kategoriji \u201eVeliko srce\u201c za humanitarku godine! Svoj glas za Barbaru mo\u017eete dati (svaki dan!) na:<\/p>\n<p><a href=\"http:\/\/www.cosmopolitan.hr\/contest\/view\/20\/barbara-rubinic\" target=\"_blank\">http:\/\/www.cosmopolitan.hr\/contest\/view\/20\/barbara-rubinic<\/a><\/p>\n","protected":false},"excerpt":{"rendered":"<p>Voditeljica Volonterskog kluba I. gimnazije Barbara Rubini\u0107 nominirana je u na natje\u010daju \u010dasopisa Cosmopolitan \u00a0\u201eJa sam vi\u0161e od selfieja\u201c u kategoriji \u201eVeliko srce\u201c za humanitarku godine! Svoj glas za Barbaru mo\u017eete dati (svaki dan!) na: http:\/\/www.cosmopolitan.hr\/contest\/view\/20\/barbara-rubinic<\/p>\n","protected":false},"author":1,"featured_media":0,"comment_status":"closed","ping_status":"closed","sticky":false,"template":"","format":"standard","meta":{"_et_pb_use_builder":"","_et_pb_old_content":"","_et_gb_content_width":"","footnotes":""},"categories":[9],"tags":[],"class_list":["post-926","post","type-post","status-publish","format-standard","hentry","category-arhiva"],"_links":{"self":[{"href":"https:\/\/prva.hr\/index.php\/wp-json\/wp\/v2\/posts\/926","targetHints":{"allow":["GET"]}}],"collection":[{"href":"https:\/\/prva.hr\/index.php\/wp-json\/wp\/v2\/posts"}],"about":[{"href":"https:\/\/prva.hr\/index.php\/wp-json\/wp\/v2\/types\/post"}],"author":[{"embeddable":true,"href":"https:\/\/prva.hr\/index.php\/wp-json\/wp\/v2\/users\/1"}],"replies":[{"embeddable":true,"href":"https:\/\/prva.hr\/index.php\/wp-json\/wp\/v2\/comments?post=926"}],"version-history":[{"count":1,"href":"https:\/\/prva.hr\/index.php\/wp-json\/wp\/v2\/posts\/926\/revisions"}],"predecessor-version":[{"id":927,"href":"https:\/\/prva.hr\/index.php\/wp-json\/wp\/v2\/posts\/926\/revisions\/927"}],"wp:attachment":[{"href":"https:\/\/prva.hr\/index.php\/wp-json\/wp\/v2\/media?parent=926"}],"wp:term":[{"taxonomy":"category","embeddable":true,"href":"https:\/\/prva.hr\/index.php\/wp-json\/wp\/v2\/categories?post=926"},{"taxonomy":"post_tag","embeddable":true,"href":"https:\/\/prva.hr\/index.php\/wp-json\/wp\/v2\/tags?post=926"}],"curies":[{"name":"wp","href":"https:\/\/api.w.org\/{rel}","templated":true}]}}