{"id":9262,"date":"2021-04-07T13:45:02","date_gmt":"2021-04-07T11:45:02","guid":{"rendered":"http:\/\/www.prva.hr\/?p=9262"},"modified":"2021-04-07T13:46:51","modified_gmt":"2021-04-07T11:46:51","slug":"noc-knjige-2021-u-prvoj","status":"publish","type":"post","link":"https:\/\/prva.hr\/index.php\/2021\/04\/07\/noc-knjige-2021-u-prvoj\/","title":{"rendered":"NO\u0106 KNJIGE U PRVOJ"},"content":{"rendered":"<p><a href=\"https:\/\/nocknjige.hr\/\">No\u0107 knjige<\/a> je manifestacija pokrenuta 2012. godine, kako bi se, bez zatvaranja o\u010diju pred \u010desto nelijepom svakodnevicom, barem na jedan dan govorilo o \u010daroliji stvaranja i radosti \u010ditanja knjiga. Cilj projekta je kroz jedinstvenu manifestaciju potaknuti kulturu \u010ditanja i uva\u017eavanja knjige kao civilizacijskog i kulturnog dosega te dati poticaj razgovoru o statusu i va\u017enosti knjige u suvremenom dru\u0161tvu. Povod za to pru\u017eaju nam <strong>Svjetski dan knjige i autorskih prava<\/strong> (23. travnja) i <strong>Dan hrvatske knjige<\/strong> (22. travnja).<\/p>\n<p>Tema ovogodi\u0161nje manifestacije No\u0107 knjige je ljekovita mo\u0107 knjiga \u2013 kao stvorena za \u010citateljski klub Prve jer na sastancima razgovaramo o <strong>na\u0161im<\/strong> omiljenim knjigama. To su knjige koje su nas zagrlile kad smo bili sami, u kojima smo prepoznale vlastite misli i nedoumice, pro\u017eivjeli boli i radosti, otkrili mudrost i nova znanja.<\/p>\n<p>Sastanak \u010citateljskoj kluba je u <strong>petak \u00a023. travnja 2021<\/strong>. u <strong>16 sati<\/strong>.<\/p>\n<p>Razgovarat \u0107emo o knjizi <strong><em>Sjena vjetra<\/em><\/strong> autora Carlosa Ruiza Zafona.<\/p>\n<p>Zbog epidemiolo\u0161ke situacije, srest \u0107emo se putem platforme ZOOM.<\/p>\n<p>Poveznicu i detalje o dostupnosti knjige u knji\u017enicama sam poslala na razredne mailove.<\/p>\n","protected":false},"excerpt":{"rendered":"<p>No\u0107 knjige je manifestacija pokrenuta 2012. godine, kako bi se, bez zatvaranja o\u010diju pred \u010desto nelijepom svakodnevicom, barem na jedan dan govorilo o \u010daroliji stvaranja i radosti \u010ditanja knjiga. Cilj projekta je kroz jedinstvenu manifestaciju potaknuti kulturu \u010ditanja i uva\u017eavanja knjige kao civilizacijskog i kulturnog dosega te dati poticaj razgovoru o statusu i va\u017enosti knjige [&hellip;]<\/p>\n","protected":false},"author":9,"featured_media":9263,"comment_status":"closed","ping_status":"closed","sticky":false,"template":"","format":"standard","meta":{"_et_pb_use_builder":"","_et_pb_old_content":"","_et_gb_content_width":"","footnotes":""},"categories":[82,9],"tags":[83],"class_list":["post-9262","post","type-post","status-publish","format-standard","has-post-thumbnail","hentry","category-aktivnosti-knjiznica-citateljski-klub","category-arhiva","tag-noc-knjige"],"_links":{"self":[{"href":"https:\/\/prva.hr\/index.php\/wp-json\/wp\/v2\/posts\/9262","targetHints":{"allow":["GET"]}}],"collection":[{"href":"https:\/\/prva.hr\/index.php\/wp-json\/wp\/v2\/posts"}],"about":[{"href":"https:\/\/prva.hr\/index.php\/wp-json\/wp\/v2\/types\/post"}],"author":[{"embeddable":true,"href":"https:\/\/prva.hr\/index.php\/wp-json\/wp\/v2\/users\/9"}],"replies":[{"embeddable":true,"href":"https:\/\/prva.hr\/index.php\/wp-json\/wp\/v2\/comments?post=9262"}],"version-history":[{"count":3,"href":"https:\/\/prva.hr\/index.php\/wp-json\/wp\/v2\/posts\/9262\/revisions"}],"predecessor-version":[{"id":9266,"href":"https:\/\/prva.hr\/index.php\/wp-json\/wp\/v2\/posts\/9262\/revisions\/9266"}],"wp:featuredmedia":[{"embeddable":true,"href":"https:\/\/prva.hr\/index.php\/wp-json\/wp\/v2\/media\/9263"}],"wp:attachment":[{"href":"https:\/\/prva.hr\/index.php\/wp-json\/wp\/v2\/media?parent=9262"}],"wp:term":[{"taxonomy":"category","embeddable":true,"href":"https:\/\/prva.hr\/index.php\/wp-json\/wp\/v2\/categories?post=9262"},{"taxonomy":"post_tag","embeddable":true,"href":"https:\/\/prva.hr\/index.php\/wp-json\/wp\/v2\/tags?post=9262"}],"curies":[{"name":"wp","href":"https:\/\/api.w.org\/{rel}","templated":true}]}}