{"id":930,"date":"2015-02-12T21:34:48","date_gmt":"2015-02-12T20:34:48","guid":{"rendered":"http:\/\/www2.prva.hr\/?p=930"},"modified":"2017-08-06T21:35:06","modified_gmt":"2017-08-06T19:35:06","slug":"javna-debata-spolna-odgovornost-ili-apstinencija","status":"publish","type":"post","link":"https:\/\/prva.hr\/index.php\/2015\/02\/12\/javna-debata-spolna-odgovornost-ili-apstinencija\/","title":{"rendered":"Javna debata &#8220;Spolna odgovornost ili apstinencija&#8221;"},"content":{"rendered":"<p>U prostorima \u0161kole, 11. velja\u010de 2015., odr\u017eala se prva u nizu &#8220;spikaonica&#8221;, javna debata &#8220;Spolna odgovornost ili apstinencija&#8221;.\u00a0Uz debatante DK Krvolo\u010dne Visibabe iz I. gimnazije sudjelovali su i ambasadori Iva \u0160ulenti\u0107 i Hrvoje \u0160alkovi\u0107 uz stru\u010dnjake dr. Kuzman i dr. Lepu\u0161i\u0107. Hrvatsko debatno dru\u0161tvo u suorganizaciji s Ve\u010dernjim listom, Ministarstvom zdravlja i ostalima organizira \u201cspikaonice\u201d kojima je cilj rasprava i podizanje medijske svijesti o HPV-u. Ovom prigodom u publici su bili u\u010denici i njihovi razrednici koji su &#8220;\u0161kakljivu&#8221; temu povezali sa Zdravstvenim odgojem te su istaknuli kako im je bilo jako zanimljivo i svakako pou\u010dno.<\/p>\n<p>Vi\u0161e o odr\u017eanoj &#8220;spikaonici&#8221; mo\u017eete pro\u010ditati u sljede\u0107im \u010dlancima:<\/p>\n<p>1. <a href=\"http:\/\/voxfeminae.net\/vijestice-list\/item\/7098-spikaonica-spolna-odgovornost-ili-apstinencija\/7098-spikaonica-spolna-odgovornost-ili-apstinencija\" target=\"_blank\">Vox feminae.net<\/a><\/p>\n<p>2. <a href=\"http:\/\/www.ordinacija.hr\/zdravlje\/ohr-savjetnik\/zna-li-se-koliko-je-mladih-u-hrvatskoj-zarazeno-hpv-om\/\" target=\"_blank\">Ordinacija.hr<\/a><\/p>\n<p>3. Pregled slika-<a href=\"https:\/\/www.pixsell.hr\/agencija\/pxl-standard-news\/zagreb-u-i-gimnaziji-odrzana-spikaonica-o-hpv-u-galerija-430387\/\" target=\"_blank\"> Pixell<\/a><\/p>\n<p>&nbsp;<\/p>\n<p><img decoding=\"async\" data-src=\"http:\/\/www.prva.hr\/images\/pdf\/Spikaonica1.JPG\" width=\"364\" height=\"159\" border=\"0\" src=\"data:image\/svg+xml;base64,PHN2ZyB3aWR0aD0iMSIgaGVpZ2h0PSIxIiB4bWxucz0iaHR0cDovL3d3dy53My5vcmcvMjAwMC9zdmciPjwvc3ZnPg==\" class=\"lazyload\" style=\"--smush-placeholder-width: 364px; --smush-placeholder-aspect-ratio: 364\/159;\" \/><\/p>\n<p>&nbsp;<\/p>\n<p><img decoding=\"async\" data-src=\"http:\/\/www.prva.hr\/images\/pdf\/Spikaonica3.jpg\" width=\"256\" height=\"171\" border=\"0\" src=\"data:image\/svg+xml;base64,PHN2ZyB3aWR0aD0iMSIgaGVpZ2h0PSIxIiB4bWxucz0iaHR0cDovL3d3dy53My5vcmcvMjAwMC9zdmciPjwvc3ZnPg==\" class=\"lazyload\" style=\"--smush-placeholder-width: 256px; --smush-placeholder-aspect-ratio: 256\/171;\" \/><\/p>\n<p><img decoding=\"async\" data-src=\"http:\/\/www.prva.hr\/images\/pdf\/Spikaonica5.jpg\" width=\"256\" height=\"171\" border=\"0\" src=\"data:image\/svg+xml;base64,PHN2ZyB3aWR0aD0iMSIgaGVpZ2h0PSIxIiB4bWxucz0iaHR0cDovL3d3dy53My5vcmcvMjAwMC9zdmciPjwvc3ZnPg==\" class=\"lazyload\" style=\"--smush-placeholder-width: 256px; --smush-placeholder-aspect-ratio: 256\/171;\" \/><\/p>\n<p><img decoding=\"async\" data-src=\"http:\/\/www.prva.hr\/images\/pdf\/Spikaonica4.jpg\" width=\"256\" height=\"171\" border=\"0\" src=\"data:image\/svg+xml;base64,PHN2ZyB3aWR0aD0iMSIgaGVpZ2h0PSIxIiB4bWxucz0iaHR0cDovL3d3dy53My5vcmcvMjAwMC9zdmciPjwvc3ZnPg==\" class=\"lazyload\" style=\"--smush-placeholder-width: 256px; --smush-placeholder-aspect-ratio: 256\/171;\" \/><\/p>\n<p><img decoding=\"async\" data-src=\"http:\/\/www.prva.hr\/images\/pdf\/Spikaonica2.jpg\" width=\"256\" height=\"171\" border=\"0\" src=\"data:image\/svg+xml;base64,PHN2ZyB3aWR0aD0iMSIgaGVpZ2h0PSIxIiB4bWxucz0iaHR0cDovL3d3dy53My5vcmcvMjAwMC9zdmciPjwvc3ZnPg==\" class=\"lazyload\" style=\"--smush-placeholder-width: 256px; --smush-placeholder-aspect-ratio: 256\/171;\" \/><\/p>\n","protected":false},"excerpt":{"rendered":"<p>U prostorima \u0161kole, 11. velja\u010de 2015., odr\u017eala se prva u nizu &#8220;spikaonica&#8221;, javna debata &#8220;Spolna odgovornost ili apstinencija&#8221;.\u00a0Uz debatante DK Krvolo\u010dne Visibabe iz I. gimnazije sudjelovali su i ambasadori Iva \u0160ulenti\u0107 i Hrvoje \u0160alkovi\u0107 uz stru\u010dnjake dr. Kuzman i dr. Lepu\u0161i\u0107. Hrvatsko debatno dru\u0161tvo u suorganizaciji s Ve\u010dernjim listom, Ministarstvom zdravlja i ostalima organizira \u201cspikaonice\u201d [&hellip;]<\/p>\n","protected":false},"author":1,"featured_media":0,"comment_status":"closed","ping_status":"closed","sticky":false,"template":"","format":"standard","meta":{"_et_pb_use_builder":"","_et_pb_old_content":"","_et_gb_content_width":"","footnotes":""},"categories":[9],"tags":[],"class_list":["post-930","post","type-post","status-publish","format-standard","hentry","category-arhiva"],"_links":{"self":[{"href":"https:\/\/prva.hr\/index.php\/wp-json\/wp\/v2\/posts\/930","targetHints":{"allow":["GET"]}}],"collection":[{"href":"https:\/\/prva.hr\/index.php\/wp-json\/wp\/v2\/posts"}],"about":[{"href":"https:\/\/prva.hr\/index.php\/wp-json\/wp\/v2\/types\/post"}],"author":[{"embeddable":true,"href":"https:\/\/prva.hr\/index.php\/wp-json\/wp\/v2\/users\/1"}],"replies":[{"embeddable":true,"href":"https:\/\/prva.hr\/index.php\/wp-json\/wp\/v2\/comments?post=930"}],"version-history":[{"count":1,"href":"https:\/\/prva.hr\/index.php\/wp-json\/wp\/v2\/posts\/930\/revisions"}],"predecessor-version":[{"id":931,"href":"https:\/\/prva.hr\/index.php\/wp-json\/wp\/v2\/posts\/930\/revisions\/931"}],"wp:attachment":[{"href":"https:\/\/prva.hr\/index.php\/wp-json\/wp\/v2\/media?parent=930"}],"wp:term":[{"taxonomy":"category","embeddable":true,"href":"https:\/\/prva.hr\/index.php\/wp-json\/wp\/v2\/categories?post=930"},{"taxonomy":"post_tag","embeddable":true,"href":"https:\/\/prva.hr\/index.php\/wp-json\/wp\/v2\/tags?post=930"}],"curies":[{"name":"wp","href":"https:\/\/api.w.org\/{rel}","templated":true}]}}