{"id":9301,"date":"2021-04-08T12:05:10","date_gmt":"2021-04-08T10:05:10","guid":{"rendered":"http:\/\/www.prva.hr\/?p=9301"},"modified":"2021-04-12T18:12:43","modified_gmt":"2021-04-12T16:12:43","slug":"dodjela-nagrada-professor-balthazar","status":"publish","type":"post","link":"https:\/\/prva.hr\/index.php\/2021\/04\/08\/dodjela-nagrada-professor-balthazar\/","title":{"rendered":"Dodjela nagrada Professor Balthazar"},"content":{"rendered":"<p>26.3. 2021. u Glazbenom u\u010dili\u0161tu Elly Ba\u0161i\u0107 odr\u017eana sve\u010dana ceremonija dodjele nagrade Professor Balthazar koja se ove godine zbog epidemiolo\u0161kih mjera odr\u017eala online, te je emitirana putem slu\u017ebene Facebook stranice i Youtube kanala Grada Zagreba.<br class=\"\" \/><br class=\"\" \/>Nagra\u0111eni su u\u010denici te u\u010ditelji i nastavnici zagreba\u010dkih osnovnih i srednjih \u0161kola koji su na dr\u017eavnim natjecanjima osvojili prvo, drugo ili tre\u0107e mjesto. Nagradu je ukupno dobilo 238 u\u010denika te 186 njihovih mentora. Uz plakete su im dodijeljeni i nov\u010dani iznosi. Osvaja\u010di prvog mjesta su nagra\u0111eni s 2 000 kuna, drugog s 1 500\u00a0 i tre\u0107eg s 1 000 kuna.<\/p>\n<p>Me\u0111u nagra\u0111enim\u00a0 u\u010denicima i mentorima, nagra\u0111eni su u\u010denici i mentori I. gimnazije. U\u010denica <b>Lucija Topolko\u00a0<\/b>je nagra\u0111ena za osvojeno 1. mjesto iz informatike te njezina mentorica profesorica <b>Gordana Sekuli\u0107 \u0160tiv\u010devi\u0107<\/b>, u\u010denica <b>Ana Markovi\u0107\u00a0<\/b>\u00a0za osvojeno 1. mjesto iz francuskog jezika te njezina mentorica <b>Jasnica Rebrovi\u0107.<\/b><\/p>\n","protected":false},"excerpt":{"rendered":"<p>26.3. 2021. u Glazbenom u\u010dili\u0161tu Elly Ba\u0161i\u0107 odr\u017eana sve\u010dana ceremonija dodjele nagrade Professor Balthazar koja se ove godine zbog epidemiolo\u0161kih mjera odr\u017eala online, te je emitirana putem slu\u017ebene Facebook stranice i Youtube kanala Grada Zagreba.Nagra\u0111eni su u\u010denici te u\u010ditelji i nastavnici zagreba\u010dkih osnovnih i srednjih \u0161kola koji su na dr\u017eavnim natjecanjima osvojili prvo, drugo ili [&hellip;]<\/p>\n","protected":false},"author":7,"featured_media":0,"comment_status":"closed","ping_status":"closed","sticky":false,"template":"","format":"standard","meta":{"_et_pb_use_builder":"","_et_pb_old_content":"","_et_gb_content_width":"","footnotes":""},"categories":[6,9,24],"tags":[],"class_list":["post-9301","post","type-post","status-publish","format-standard","hentry","category-aktualna-dogadanja","category-arhiva","category-predmetna-natjecanja"],"_links":{"self":[{"href":"https:\/\/prva.hr\/index.php\/wp-json\/wp\/v2\/posts\/9301","targetHints":{"allow":["GET"]}}],"collection":[{"href":"https:\/\/prva.hr\/index.php\/wp-json\/wp\/v2\/posts"}],"about":[{"href":"https:\/\/prva.hr\/index.php\/wp-json\/wp\/v2\/types\/post"}],"author":[{"embeddable":true,"href":"https:\/\/prva.hr\/index.php\/wp-json\/wp\/v2\/users\/7"}],"replies":[{"embeddable":true,"href":"https:\/\/prva.hr\/index.php\/wp-json\/wp\/v2\/comments?post=9301"}],"version-history":[{"count":1,"href":"https:\/\/prva.hr\/index.php\/wp-json\/wp\/v2\/posts\/9301\/revisions"}],"predecessor-version":[{"id":9302,"href":"https:\/\/prva.hr\/index.php\/wp-json\/wp\/v2\/posts\/9301\/revisions\/9302"}],"wp:attachment":[{"href":"https:\/\/prva.hr\/index.php\/wp-json\/wp\/v2\/media?parent=9301"}],"wp:term":[{"taxonomy":"category","embeddable":true,"href":"https:\/\/prva.hr\/index.php\/wp-json\/wp\/v2\/categories?post=9301"},{"taxonomy":"post_tag","embeddable":true,"href":"https:\/\/prva.hr\/index.php\/wp-json\/wp\/v2\/tags?post=9301"}],"curies":[{"name":"wp","href":"https:\/\/api.w.org\/{rel}","templated":true}]}}