{"id":932,"date":"2015-02-13T21:35:17","date_gmt":"2015-02-13T20:35:17","guid":{"rendered":"http:\/\/www2.prva.hr\/?p=932"},"modified":"2017-08-06T21:35:39","modified_gmt":"2017-08-06T19:35:39","slug":"zahvala-i-gimnaziji-na-sudjelovanju-u-projektu-european-civic-awareness-among-youth-in-croatia","status":"publish","type":"post","link":"https:\/\/prva.hr\/index.php\/2015\/02\/13\/zahvala-i-gimnaziji-na-sudjelovanju-u-projektu-european-civic-awareness-among-youth-in-croatia\/","title":{"rendered":"Zahvala I. gimnaziji na sudjelovanju u projektu &#8220;European Civic Awareness Among Youth in Croatia&#8221;"},"content":{"rendered":"<p>I. gimnazija dobila je posebnu zahvalu za sudjelovanje u projektu\u00a0&#8220;European Civic Awareness Among Youth in Croatia&#8221; u organizaciji Inicijative mladih za ljudska prava. Maturanti \u0161kole su u okviru izborne nastave Politika i gospodarstvo, koju vodi profesorica Zlata Pa\u0161tar, sudjelovali u projektu tako \u0161to su tijekom studenog 2014. imali organizirane posjete\u00a0veleposlanstvima EU \u010dlanica u Zagrebu, Predstavni\u0161tvu Europske komisije u Hrvatskoj te Ministarstvu vanjskih i europskih poslova.<\/p>\n<p>&nbsp;<\/p>\n<p><img decoding=\"async\" data-src=\"http:\/\/www.prva.hr\/images\/pdf\/zahvala.JPG\" width=\"438\" height=\"310\" border=\"0\" src=\"data:image\/svg+xml;base64,PHN2ZyB3aWR0aD0iMSIgaGVpZ2h0PSIxIiB4bWxucz0iaHR0cDovL3d3dy53My5vcmcvMjAwMC9zdmciPjwvc3ZnPg==\" class=\"lazyload\" style=\"--smush-placeholder-width: 438px; --smush-placeholder-aspect-ratio: 438\/310;\" \/><\/p>\n","protected":false},"excerpt":{"rendered":"<p>I. gimnazija dobila je posebnu zahvalu za sudjelovanje u projektu\u00a0&#8220;European Civic Awareness Among Youth in Croatia&#8221; u organizaciji Inicijative mladih za ljudska prava. Maturanti \u0161kole su u okviru izborne nastave Politika i gospodarstvo, koju vodi profesorica Zlata Pa\u0161tar, sudjelovali u projektu tako \u0161to su tijekom studenog 2014. imali organizirane posjete\u00a0veleposlanstvima EU \u010dlanica u Zagrebu, Predstavni\u0161tvu [&hellip;]<\/p>\n","protected":false},"author":1,"featured_media":0,"comment_status":"closed","ping_status":"closed","sticky":false,"template":"","format":"standard","meta":{"_et_pb_use_builder":"","_et_pb_old_content":"","_et_gb_content_width":"","footnotes":""},"categories":[9],"tags":[],"class_list":["post-932","post","type-post","status-publish","format-standard","hentry","category-arhiva"],"_links":{"self":[{"href":"https:\/\/prva.hr\/index.php\/wp-json\/wp\/v2\/posts\/932","targetHints":{"allow":["GET"]}}],"collection":[{"href":"https:\/\/prva.hr\/index.php\/wp-json\/wp\/v2\/posts"}],"about":[{"href":"https:\/\/prva.hr\/index.php\/wp-json\/wp\/v2\/types\/post"}],"author":[{"embeddable":true,"href":"https:\/\/prva.hr\/index.php\/wp-json\/wp\/v2\/users\/1"}],"replies":[{"embeddable":true,"href":"https:\/\/prva.hr\/index.php\/wp-json\/wp\/v2\/comments?post=932"}],"version-history":[{"count":1,"href":"https:\/\/prva.hr\/index.php\/wp-json\/wp\/v2\/posts\/932\/revisions"}],"predecessor-version":[{"id":933,"href":"https:\/\/prva.hr\/index.php\/wp-json\/wp\/v2\/posts\/932\/revisions\/933"}],"wp:attachment":[{"href":"https:\/\/prva.hr\/index.php\/wp-json\/wp\/v2\/media?parent=932"}],"wp:term":[{"taxonomy":"category","embeddable":true,"href":"https:\/\/prva.hr\/index.php\/wp-json\/wp\/v2\/categories?post=932"},{"taxonomy":"post_tag","embeddable":true,"href":"https:\/\/prva.hr\/index.php\/wp-json\/wp\/v2\/tags?post=932"}],"curies":[{"name":"wp","href":"https:\/\/api.w.org\/{rel}","templated":true}]}}