{"id":9320,"date":"2021-04-16T16:12:06","date_gmt":"2021-04-16T14:12:06","guid":{"rendered":"http:\/\/www.prva.hr\/?p=9320"},"modified":"2021-04-16T16:12:06","modified_gmt":"2021-04-16T14:12:06","slug":"dodjela-nagrada-oskar-znanja-i-professor-balthazar","status":"publish","type":"post","link":"https:\/\/prva.hr\/index.php\/2021\/04\/16\/dodjela-nagrada-oskar-znanja-i-professor-balthazar\/","title":{"rendered":"Dodjela nagrada Oskar znanja i Professor Balthazar"},"content":{"rendered":"<p>Budu\u0107i da su dodjela Oskara znanja i nagrade Professor Balthazar bile odr\u017eane samo online, pedagoginja je maturanticama i njihovim mentoricama uru\u010dila priznanja. Podsje\u0107amo, u\u010denica\u00a0<b>Lucija Topolko (4.e),<\/b>\u00a0pod vodstvom mentorice profesorice\u00a0<b>Gordane Sekuli\u0107 \u0160tiv\u010devi\u0107,\u00a0<\/b>nagra\u0111ena je za osvojeno 1. mjesto na dr\u017eavnom Natjecanju iz informatike, a u\u010denica\u00a0<b>Ana Markovi\u0107 (4.f),<\/b>\u00a0pod vodstvom mentorice profesorice Jasnice Rebrovi\u0107,\u00a0nagra\u0111ena je za osvojeno 1. mjesto na dr\u017eavnom Natjecanju iz francuskog jezika. U\u010denicama su dodijeljene nov\u010dane nagrade, priznanja i plakete Oskara, a njihovim mentoricama zahvalnice.<\/p>\n<p>&nbsp;<\/p>\n<p><a href=\"https:\/\/www.prva.hr\/index.php\/2021\/03\/02\/oskar-znanja\/\">https:\/\/www.prva.hr\/index.php\/2021\/03\/02\/oskar-znanja\/<\/a><\/p>\n<p><a href=\"https:\/\/www.prva.hr\/index.php\/2021\/04\/08\/dodjela-nagrada-professor-balthazar\/\">https:\/\/www.prva.hr\/index.php\/2021\/04\/08\/dodjela-nagrada-professor-balthazar\/<\/a><\/p>\n<p>&nbsp;<\/p>\n<p><img decoding=\"async\" class=\"alignnone size-medium wp-image-9321 lazyload\" data-src=\"https:\/\/www.prva.hr\/wp-content\/uploads\/2021\/04\/3-300x225.jpg\" alt=\"\" width=\"300\" height=\"225\" data-srcset=\"https:\/\/prva.hr\/wp-content\/uploads\/2021\/04\/3-300x225.jpg 300w, https:\/\/prva.hr\/wp-content\/uploads\/2021\/04\/3-768x576.jpg 768w, https:\/\/prva.hr\/wp-content\/uploads\/2021\/04\/3-1024x768.jpg 1024w, https:\/\/prva.hr\/wp-content\/uploads\/2021\/04\/3-400x300.jpg 400w, https:\/\/prva.hr\/wp-content\/uploads\/2021\/04\/3.jpg 1600w\" data-sizes=\"(max-width: 300px) 100vw, 300px\" src=\"data:image\/svg+xml;base64,PHN2ZyB3aWR0aD0iMSIgaGVpZ2h0PSIxIiB4bWxucz0iaHR0cDovL3d3dy53My5vcmcvMjAwMC9zdmciPjwvc3ZnPg==\" style=\"--smush-placeholder-width: 300px; --smush-placeholder-aspect-ratio: 300\/225;\" \/> <img decoding=\"async\" class=\"alignnone size-medium wp-image-9322 lazyload\" data-src=\"https:\/\/www.prva.hr\/wp-content\/uploads\/2021\/04\/4-225x300.jpg\" alt=\"\" width=\"225\" height=\"300\" data-srcset=\"https:\/\/prva.hr\/wp-content\/uploads\/2021\/04\/4-225x300.jpg 225w, https:\/\/prva.hr\/wp-content\/uploads\/2021\/04\/4-768x1024.jpg 768w, https:\/\/prva.hr\/wp-content\/uploads\/2021\/04\/4.jpg 1200w\" data-sizes=\"(max-width: 225px) 100vw, 225px\" src=\"data:image\/svg+xml;base64,PHN2ZyB3aWR0aD0iMSIgaGVpZ2h0PSIxIiB4bWxucz0iaHR0cDovL3d3dy53My5vcmcvMjAwMC9zdmciPjwvc3ZnPg==\" style=\"--smush-placeholder-width: 225px; --smush-placeholder-aspect-ratio: 225\/300;\" \/> <img decoding=\"async\" class=\"alignnone size-medium wp-image-9323 lazyload\" data-src=\"https:\/\/www.prva.hr\/wp-content\/uploads\/2021\/04\/7-225x300.jpg\" alt=\"\" width=\"225\" height=\"300\" data-srcset=\"https:\/\/prva.hr\/wp-content\/uploads\/2021\/04\/7-225x300.jpg 225w, https:\/\/prva.hr\/wp-content\/uploads\/2021\/04\/7-768x1024.jpg 768w, https:\/\/prva.hr\/wp-content\/uploads\/2021\/04\/7.jpg 1200w\" data-sizes=\"(max-width: 225px) 100vw, 225px\" src=\"data:image\/svg+xml;base64,PHN2ZyB3aWR0aD0iMSIgaGVpZ2h0PSIxIiB4bWxucz0iaHR0cDovL3d3dy53My5vcmcvMjAwMC9zdmciPjwvc3ZnPg==\" style=\"--smush-placeholder-width: 225px; --smush-placeholder-aspect-ratio: 225\/300;\" \/> <img decoding=\"async\" class=\"alignnone size-medium wp-image-9324 lazyload\" data-src=\"https:\/\/www.prva.hr\/wp-content\/uploads\/2021\/04\/6-225x300.jpg\" alt=\"\" width=\"225\" height=\"300\" data-srcset=\"https:\/\/prva.hr\/wp-content\/uploads\/2021\/04\/6-225x300.jpg 225w, https:\/\/prva.hr\/wp-content\/uploads\/2021\/04\/6-768x1024.jpg 768w, https:\/\/prva.hr\/wp-content\/uploads\/2021\/04\/6.jpg 1200w\" data-sizes=\"(max-width: 225px) 100vw, 225px\" src=\"data:image\/svg+xml;base64,PHN2ZyB3aWR0aD0iMSIgaGVpZ2h0PSIxIiB4bWxucz0iaHR0cDovL3d3dy53My5vcmcvMjAwMC9zdmciPjwvc3ZnPg==\" style=\"--smush-placeholder-width: 225px; --smush-placeholder-aspect-ratio: 225\/300;\" \/> <img decoding=\"async\" class=\"alignnone size-medium wp-image-9325 lazyload\" data-src=\"https:\/\/www.prva.hr\/wp-content\/uploads\/2021\/04\/8-225x300.jpg\" alt=\"\" width=\"225\" height=\"300\" data-srcset=\"https:\/\/prva.hr\/wp-content\/uploads\/2021\/04\/8-225x300.jpg 225w, https:\/\/prva.hr\/wp-content\/uploads\/2021\/04\/8-768x1024.jpg 768w, https:\/\/prva.hr\/wp-content\/uploads\/2021\/04\/8.jpg 1200w\" data-sizes=\"(max-width: 225px) 100vw, 225px\" src=\"data:image\/svg+xml;base64,PHN2ZyB3aWR0aD0iMSIgaGVpZ2h0PSIxIiB4bWxucz0iaHR0cDovL3d3dy53My5vcmcvMjAwMC9zdmciPjwvc3ZnPg==\" style=\"--smush-placeholder-width: 225px; --smush-placeholder-aspect-ratio: 225\/300;\" \/> <img decoding=\"async\" class=\"alignnone size-medium wp-image-9326 lazyload\" data-src=\"https:\/\/www.prva.hr\/wp-content\/uploads\/2021\/04\/5-225x300.jpg\" alt=\"\" width=\"225\" height=\"300\" data-srcset=\"https:\/\/prva.hr\/wp-content\/uploads\/2021\/04\/5-225x300.jpg 225w, https:\/\/prva.hr\/wp-content\/uploads\/2021\/04\/5-768x1024.jpg 768w, https:\/\/prva.hr\/wp-content\/uploads\/2021\/04\/5.jpg 1200w\" data-sizes=\"(max-width: 225px) 100vw, 225px\" src=\"data:image\/svg+xml;base64,PHN2ZyB3aWR0aD0iMSIgaGVpZ2h0PSIxIiB4bWxucz0iaHR0cDovL3d3dy53My5vcmcvMjAwMC9zdmciPjwvc3ZnPg==\" style=\"--smush-placeholder-width: 225px; --smush-placeholder-aspect-ratio: 225\/300;\" \/><\/p>\n<p>&nbsp;<\/p>\n<p>&nbsp;<\/p>\n<p>&nbsp;<\/p>\n","protected":false},"excerpt":{"rendered":"<p>Budu\u0107i da su dodjela Oskara znanja i nagrade Professor Balthazar bile odr\u017eane samo online, pedagoginja je maturanticama i njihovim mentoricama uru\u010dila priznanja. Podsje\u0107amo, u\u010denica\u00a0Lucija Topolko (4.e),\u00a0pod vodstvom mentorice profesorice\u00a0Gordane Sekuli\u0107 \u0160tiv\u010devi\u0107,\u00a0nagra\u0111ena je za osvojeno 1. mjesto na dr\u017eavnom Natjecanju iz informatike, a u\u010denica\u00a0Ana Markovi\u0107 (4.f),\u00a0pod vodstvom mentorice profesorice Jasnice Rebrovi\u0107,\u00a0nagra\u0111ena je za osvojeno 1. mjesto [&hellip;]<\/p>\n","protected":false},"author":7,"featured_media":9326,"comment_status":"closed","ping_status":"closed","sticky":false,"template":"","format":"standard","meta":{"_et_pb_use_builder":"","_et_pb_old_content":"","_et_gb_content_width":"","footnotes":""},"categories":[4,24],"tags":[],"class_list":["post-9320","post","type-post","status-publish","format-standard","has-post-thumbnail","hentry","category-najnovije-vijesti","category-predmetna-natjecanja"],"_links":{"self":[{"href":"https:\/\/prva.hr\/index.php\/wp-json\/wp\/v2\/posts\/9320","targetHints":{"allow":["GET"]}}],"collection":[{"href":"https:\/\/prva.hr\/index.php\/wp-json\/wp\/v2\/posts"}],"about":[{"href":"https:\/\/prva.hr\/index.php\/wp-json\/wp\/v2\/types\/post"}],"author":[{"embeddable":true,"href":"https:\/\/prva.hr\/index.php\/wp-json\/wp\/v2\/users\/7"}],"replies":[{"embeddable":true,"href":"https:\/\/prva.hr\/index.php\/wp-json\/wp\/v2\/comments?post=9320"}],"version-history":[{"count":1,"href":"https:\/\/prva.hr\/index.php\/wp-json\/wp\/v2\/posts\/9320\/revisions"}],"predecessor-version":[{"id":9327,"href":"https:\/\/prva.hr\/index.php\/wp-json\/wp\/v2\/posts\/9320\/revisions\/9327"}],"wp:featuredmedia":[{"embeddable":true,"href":"https:\/\/prva.hr\/index.php\/wp-json\/wp\/v2\/media\/9326"}],"wp:attachment":[{"href":"https:\/\/prva.hr\/index.php\/wp-json\/wp\/v2\/media?parent=9320"}],"wp:term":[{"taxonomy":"category","embeddable":true,"href":"https:\/\/prva.hr\/index.php\/wp-json\/wp\/v2\/categories?post=9320"},{"taxonomy":"post_tag","embeddable":true,"href":"https:\/\/prva.hr\/index.php\/wp-json\/wp\/v2\/tags?post=9320"}],"curies":[{"name":"wp","href":"https:\/\/api.w.org\/{rel}","templated":true}]}}