{"id":9335,"date":"2021-04-20T10:43:30","date_gmt":"2021-04-20T08:43:30","guid":{"rendered":"http:\/\/www.prva.hr\/?p=9335"},"modified":"2021-04-21T13:32:12","modified_gmt":"2021-04-21T11:32:12","slug":"filip-vucic-dio-hrvatske-olimpijske-ekipe-na-europskoj-prirodoslovnoj-olimpijadi","status":"publish","type":"post","link":"https:\/\/prva.hr\/index.php\/2021\/04\/20\/filip-vucic-dio-hrvatske-olimpijske-ekipe-na-europskoj-prirodoslovnoj-olimpijadi\/","title":{"rendered":"Filip Vu\u010di\u0107 &#8211; dio hrvatske olimpijske ekipe na Europskoj prirodoslovnoj olimpijadi"},"content":{"rendered":"<p style=\"font-weight: 400;\">Na izbor hrvatske olimpijske ekipe na Europskoj prirodoslovnoj olimpijadi (<em>European Olympiad of Experimental Science<\/em>, EOES)\u00a0 pozvani u\u010denici temeljem rezultata postignutih na pro\u0161logodi\u0161njim (2019.\/20.) dr\u017eavnim natjecanjima iz fizike, kemije i biologije u kategoriji &#8216;natjecanje u znanju&#8217;. Izlu\u010dno testiranje odr\u017eano je u subotu 17. travnja 2021. godine u 11 sati u prostorijama Prirodoslovno-matemati\u010dkog fakulteta Sveu\u010dili\u0161ta u Zagrebu<strong>.<\/strong>\u00a0Izlu\u010dnom testu pristupio je 41 u\u010denik. Temeljem rezultata testiranja odabrano je \u0161estero u\u010denika koji su pokazali najbolje rezultate u izlu\u010dnom testu, a jedan od njih je i <strong>na\u0161 u\u010denik Filip Vu\u010di\u0107 (2.f) koji je ostvario najbolji rezultat.<\/strong><\/p>\n<p>\u010cestitke na\u0161em Filipu!<\/p>\n<p>Puno sre\u0107e na Europskoj prirodoslovnoj olimpijadi \u017eelimo Filipu i njegovom timu.<\/p>\n<p>&nbsp;<\/p>\n","protected":false},"excerpt":{"rendered":"<p>Na izbor hrvatske olimpijske ekipe na Europskoj prirodoslovnoj olimpijadi (European Olympiad of Experimental Science, EOES)\u00a0 pozvani u\u010denici temeljem rezultata postignutih na pro\u0161logodi\u0161njim (2019.\/20.) dr\u017eavnim natjecanjima iz fizike, kemije i biologije u kategoriji &#8216;natjecanje u znanju&#8217;. Izlu\u010dno testiranje odr\u017eano je u subotu 17. travnja 2021. godine u 11 sati u prostorijama Prirodoslovno-matemati\u010dkog fakulteta Sveu\u010dili\u0161ta u Zagrebu.\u00a0Izlu\u010dnom [&hellip;]<\/p>\n","protected":false},"author":7,"featured_media":0,"comment_status":"closed","ping_status":"closed","sticky":false,"template":"","format":"standard","meta":{"_et_pb_use_builder":"","_et_pb_old_content":"","_et_gb_content_width":"","footnotes":""},"categories":[4,24],"tags":[],"class_list":["post-9335","post","type-post","status-publish","format-standard","hentry","category-najnovije-vijesti","category-predmetna-natjecanja"],"_links":{"self":[{"href":"https:\/\/prva.hr\/index.php\/wp-json\/wp\/v2\/posts\/9335","targetHints":{"allow":["GET"]}}],"collection":[{"href":"https:\/\/prva.hr\/index.php\/wp-json\/wp\/v2\/posts"}],"about":[{"href":"https:\/\/prva.hr\/index.php\/wp-json\/wp\/v2\/types\/post"}],"author":[{"embeddable":true,"href":"https:\/\/prva.hr\/index.php\/wp-json\/wp\/v2\/users\/7"}],"replies":[{"embeddable":true,"href":"https:\/\/prva.hr\/index.php\/wp-json\/wp\/v2\/comments?post=9335"}],"version-history":[{"count":3,"href":"https:\/\/prva.hr\/index.php\/wp-json\/wp\/v2\/posts\/9335\/revisions"}],"predecessor-version":[{"id":9339,"href":"https:\/\/prva.hr\/index.php\/wp-json\/wp\/v2\/posts\/9335\/revisions\/9339"}],"wp:attachment":[{"href":"https:\/\/prva.hr\/index.php\/wp-json\/wp\/v2\/media?parent=9335"}],"wp:term":[{"taxonomy":"category","embeddable":true,"href":"https:\/\/prva.hr\/index.php\/wp-json\/wp\/v2\/categories?post=9335"},{"taxonomy":"post_tag","embeddable":true,"href":"https:\/\/prva.hr\/index.php\/wp-json\/wp\/v2\/tags?post=9335"}],"curies":[{"name":"wp","href":"https:\/\/api.w.org\/{rel}","templated":true}]}}