{"id":936,"date":"2015-03-04T21:36:33","date_gmt":"2015-03-04T20:36:33","guid":{"rendered":"http:\/\/www2.prva.hr\/?p=936"},"modified":"2017-08-06T21:36:58","modified_gmt":"2017-08-06T19:36:58","slug":"uspjeh-ucenika-i-gimnazije-u-sklopu-programa-euroscola","status":"publish","type":"post","link":"https:\/\/prva.hr\/index.php\/2015\/03\/04\/uspjeh-ucenika-i-gimnazije-u-sklopu-programa-euroscola\/","title":{"rendered":"Uspjeh u\u010denika I. gimnazije u sklopu programa Euroscola"},"content":{"rendered":"<p>U petak (27. velja\u010de) \u00a0na\u0161i su u\u010denici sudjelovali na natjecanju srednjih \u0161kola u sklopu programa Euroscola. To je redovni godi\u0161nji program Europskog Parlamenta koji poti\u010de u\u010denike na stjecanje znanja te formiranje stavova vezane uz temu Europske Unije.<\/p>\n<p>Na natjecanju je sudjelovalo preko 20 \u0161kola iz cijelog Zagreba i okolice te se raspravljalo o desetak razli\u010ditih tema.<\/p>\n<p>Na\u0161i su u\u010denici, raspravom na temu MIGRACIJE I INTEGRACIJA, odli\u010dno prezentirali na\u0161u \u0161kolu te se uspijeli izboriti za mjesto me\u0111u 6 najboljih \u0161kola koje su nagra\u0111ene putovanjem u Strasbourg, gdje \u0107e posjetiti sjedi\u0161te Europskog Parlamenta. Putovanje je predvi\u0111eno za listopad idu\u0107e \u0161kolske godine.<\/p>\n<div style=\"color: #141823; line-height: 19.31px; font-family: Helvetica, Arial, 'lucida grande', tahoma, verdana, arial, sans-serif; font-size: 14px; display: inline;\">\n<p>\u010cestitke na\u0161im u\u010denicima koji su sudjelovali a to su Vjeran Pezdirc, Jelena Or\u0161oli\u0107, Anamarija Javor, Matilda Elizabeta \u0160tilinovi\u0107 i Petra Zavr\u0161ki.<\/p>\n<p>&nbsp;<\/p>\n<p><img decoding=\"async\" data-src=\"http:\/\/www.prva.hr\/images\/pdf\/euroscola2015.jpg\" width=\"240\" height=\"180\" border=\"0\" src=\"data:image\/svg+xml;base64,PHN2ZyB3aWR0aD0iMSIgaGVpZ2h0PSIxIiB4bWxucz0iaHR0cDovL3d3dy53My5vcmcvMjAwMC9zdmciPjwvc3ZnPg==\" class=\"lazyload\" style=\"--smush-placeholder-width: 240px; --smush-placeholder-aspect-ratio: 240\/180;\" \/><\/p>\n<\/div>\n","protected":false},"excerpt":{"rendered":"<p>U petak (27. velja\u010de) \u00a0na\u0161i su u\u010denici sudjelovali na natjecanju srednjih \u0161kola u sklopu programa Euroscola. To je redovni godi\u0161nji program Europskog Parlamenta koji poti\u010de u\u010denike na stjecanje znanja te formiranje stavova vezane uz temu Europske Unije. Na natjecanju je sudjelovalo preko 20 \u0161kola iz cijelog Zagreba i okolice te se raspravljalo o desetak razli\u010ditih [&hellip;]<\/p>\n","protected":false},"author":1,"featured_media":0,"comment_status":"closed","ping_status":"closed","sticky":false,"template":"","format":"standard","meta":{"_et_pb_use_builder":"","_et_pb_old_content":"","_et_gb_content_width":"","footnotes":""},"categories":[9],"tags":[],"class_list":["post-936","post","type-post","status-publish","format-standard","hentry","category-arhiva"],"_links":{"self":[{"href":"https:\/\/prva.hr\/index.php\/wp-json\/wp\/v2\/posts\/936","targetHints":{"allow":["GET"]}}],"collection":[{"href":"https:\/\/prva.hr\/index.php\/wp-json\/wp\/v2\/posts"}],"about":[{"href":"https:\/\/prva.hr\/index.php\/wp-json\/wp\/v2\/types\/post"}],"author":[{"embeddable":true,"href":"https:\/\/prva.hr\/index.php\/wp-json\/wp\/v2\/users\/1"}],"replies":[{"embeddable":true,"href":"https:\/\/prva.hr\/index.php\/wp-json\/wp\/v2\/comments?post=936"}],"version-history":[{"count":1,"href":"https:\/\/prva.hr\/index.php\/wp-json\/wp\/v2\/posts\/936\/revisions"}],"predecessor-version":[{"id":937,"href":"https:\/\/prva.hr\/index.php\/wp-json\/wp\/v2\/posts\/936\/revisions\/937"}],"wp:attachment":[{"href":"https:\/\/prva.hr\/index.php\/wp-json\/wp\/v2\/media?parent=936"}],"wp:term":[{"taxonomy":"category","embeddable":true,"href":"https:\/\/prva.hr\/index.php\/wp-json\/wp\/v2\/categories?post=936"},{"taxonomy":"post_tag","embeddable":true,"href":"https:\/\/prva.hr\/index.php\/wp-json\/wp\/v2\/tags?post=936"}],"curies":[{"name":"wp","href":"https:\/\/api.w.org\/{rel}","templated":true}]}}