{"id":9366,"date":"2021-04-27T11:48:54","date_gmt":"2021-04-27T09:48:54","guid":{"rendered":"http:\/\/www.prva.hr\/?p=9366"},"modified":"2021-04-27T14:38:19","modified_gmt":"2021-04-27T12:38:19","slug":"edukativni-materijal-briga-za-mentalno-zdravlje","status":"publish","type":"post","link":"https:\/\/prva.hr\/index.php\/2021\/04\/27\/edukativni-materijal-briga-za-mentalno-zdravlje\/","title":{"rendered":"Edukativni materijal Briga za Mentalno Zdravlje"},"content":{"rendered":"<p><span style=\"font-size: small;\">\u010clanice Stru\u010dnog tima Odgojnog savjetovali\u0161ta Nastavno-klini\u010dkog centra ERF-a izradile su novi edukativni materijal\u00a0\u201eBriga za Mentalno zdravlje\u201c.<\/span><\/p>\n<p><span style=\"font-size: small;\">Po\u010detni dio materijala sadr\u017ei teorijski dio\u00a0s pregledom odre\u0111enja i podru\u010dja mentalnog zdravlja, rizi\u010dnih i za\u0161titnih \u010dimbenika vezanih uz probleme mentalnog zdravlja kod djece i mladih, klju\u010dne rezultate istra\u017eivanja te modelski pristup temi mentalnog zdravlja u odgojno-obrazovnom sustavu. Poseban naglasak je stavljen i na temu socijalno-emocionalnog u\u010denja i razvoja kompetencija. U nastavku materijala su prijedlozi aktivnosti\u00a0za djecu i mlade koje mogu provoditi u\u010ditelji\/nastavnici, stru\u010dni suradnici i roditelji, ali i sadr\u017eajni dio usmjeren upravo stru\u010dnjacima i roditeljima osobno.<\/span><\/p>\n<p><a href=\"https:\/\/www.prva.hr\/wp-content\/uploads\/2021\/04\/Edukativni-materijal_Briga-za-Mentalno-zdravlje.pdf\">Edukativni materijal_Briga za Mentalno zdravlje<\/a><\/p>\n","protected":false},"excerpt":{"rendered":"<p>\u010clanice Stru\u010dnog tima Odgojnog savjetovali\u0161ta Nastavno-klini\u010dkog centra ERF-a izradile su novi edukativni materijal\u00a0\u201eBriga za Mentalno zdravlje\u201c. Po\u010detni dio materijala sadr\u017ei teorijski dio\u00a0s pregledom odre\u0111enja i podru\u010dja mentalnog zdravlja, rizi\u010dnih i za\u0161titnih \u010dimbenika vezanih uz probleme mentalnog zdravlja kod djece i mladih, klju\u010dne rezultate istra\u017eivanja te modelski pristup temi mentalnog zdravlja u odgojno-obrazovnom sustavu. Poseban naglasak [&hellip;]<\/p>\n","protected":false},"author":7,"featured_media":0,"comment_status":"closed","ping_status":"closed","sticky":false,"template":"","format":"standard","meta":{"_et_pb_use_builder":"","_et_pb_old_content":"","_et_gb_content_width":"","footnotes":""},"categories":[13,61],"tags":[],"class_list":["post-9366","post","type-post","status-publish","format-standard","hentry","category-preventivni-program","category-vanjski-korisnici-korisne-poveznice"],"_links":{"self":[{"href":"https:\/\/prva.hr\/index.php\/wp-json\/wp\/v2\/posts\/9366","targetHints":{"allow":["GET"]}}],"collection":[{"href":"https:\/\/prva.hr\/index.php\/wp-json\/wp\/v2\/posts"}],"about":[{"href":"https:\/\/prva.hr\/index.php\/wp-json\/wp\/v2\/types\/post"}],"author":[{"embeddable":true,"href":"https:\/\/prva.hr\/index.php\/wp-json\/wp\/v2\/users\/7"}],"replies":[{"embeddable":true,"href":"https:\/\/prva.hr\/index.php\/wp-json\/wp\/v2\/comments?post=9366"}],"version-history":[{"count":1,"href":"https:\/\/prva.hr\/index.php\/wp-json\/wp\/v2\/posts\/9366\/revisions"}],"predecessor-version":[{"id":9368,"href":"https:\/\/prva.hr\/index.php\/wp-json\/wp\/v2\/posts\/9366\/revisions\/9368"}],"wp:attachment":[{"href":"https:\/\/prva.hr\/index.php\/wp-json\/wp\/v2\/media?parent=9366"}],"wp:term":[{"taxonomy":"category","embeddable":true,"href":"https:\/\/prva.hr\/index.php\/wp-json\/wp\/v2\/categories?post=9366"},{"taxonomy":"post_tag","embeddable":true,"href":"https:\/\/prva.hr\/index.php\/wp-json\/wp\/v2\/tags?post=9366"}],"curies":[{"name":"wp","href":"https:\/\/api.w.org\/{rel}","templated":true}]}}