{"id":9374,"date":"2021-04-27T17:14:16","date_gmt":"2021-04-27T15:14:16","guid":{"rendered":"http:\/\/www.prva.hr\/?p=9374"},"modified":"2021-04-27T17:14:16","modified_gmt":"2021-04-27T15:14:16","slug":"sjena-vjetra-u-noci-knjige","status":"publish","type":"post","link":"https:\/\/prva.hr\/index.php\/2021\/04\/27\/sjena-vjetra-u-noci-knjige\/","title":{"rendered":"Sjena vjetra u No\u0107i knjige"},"content":{"rendered":"<p>Bilo nam je iznimno zadovoljstvo sudjelovati u manifestaciji <em><a href=\"https:\/\/nocknjige.hr\/program.php?program_id=5946\">No\u0107 knjige<\/a> <\/em>koja se deseti put odr\u017eava u Hrvatskoj. Za susret \u010citateljskog kluba 23. travnja odabrali smo knjigu <strong><em>Sjena vjetra<\/em><\/strong> koja je, kakva slu\u010dajnost, objavljena ba\u0161 na <em>Svjetski dan knjige<\/em> 23. 4. 2008. godine. Ovo je knjiga posve\u0107ena knjigama, knji\u017eevnosti i ljubavi prema \u010ditanju, knjiga o knjigama i knjiga u knjizi. Njezina struktura podsje\u0107a na rusku lutku, babu\u0161ku, koja je ove godine bila za\u0161titni znak No\u0107i knjige<\/p>\n<p>Autor <strong>Carlos Ruiz Zafon<\/strong> nas je upoznao s Barcelonom u vrijeme Frankove diktature, koja je do\u010darana mra\u010dnom, ki\u0161ovitom i maglovitom \u00a0atmosferom. U knjizi je mno\u0161tvo punokrvnih likova, svako sa svojim snovima, nadanjima, traumama, strahovima. Tako pratimo desetogodi\u0161njeg Daniela Semprea koji po\u010dinje potragu za autorom knjige <strong><em>Sjena vjetra<\/em><\/strong>, Juliana Caraxa. Po\u010detak nas je odmah naveo da prodiskutiramo dvije stvari: naslov knjige i njezin autor.<\/p>\n<p>Mo\u017ee li vjetar imati sjenu? \u0160to je sjena vjetra? Vjetar je nevidljiv, sjena neuhvatljiva, kao \u0161to je jedna u\u010denik rekao to je kao gradacija gradacije. Tko je zapravo autor <strong><em>Sjene vjetra<\/em><\/strong>? Carlos Ruiz Zafon ili Julian Carax?<\/p>\n<p>Potraga za tajanstvenim autorom vodi mladog Danijela u opasne situacije, ljubavne zaplete i stara prijateljstva, koja to vi\u0161e nisu. Autor nam je prikazao stanje diktature koja poti\u010de najdublje zlo i najve\u0107e dobro u \u010dovjeka. I pored mu\u010dnih pri\u010da, koja se \u0107ute, tu su tople ljudske pri\u010de, prijateljstva koja opstaju i pored opasnosti koja vreba nad svima u liku inspektora Fumera. Iznimno nas je zabavio lik duhovitog i elokventnog Fermina, knji\u017eevnog arheologa i pomo\u0107nog knji\u017eara, a tragi\u010dnu ljubavnu pri\u010du Juliana i Penelope ispri\u010dala je Nuria Monfort.<\/p>\n<p><a href=\"https:\/\/www.prva.hr\/wp-content\/uploads\/2021\/04\/\u010ditateljski-23.4..png\"><img decoding=\"async\" class=\"size-medium wp-image-9376 aligncenter lazyload\" data-src=\"https:\/\/www.prva.hr\/wp-content\/uploads\/2021\/04\/\u010ditateljski-23.4.-300x154.png\" alt=\"\" width=\"300\" height=\"154\" data-srcset=\"https:\/\/prva.hr\/wp-content\/uploads\/2021\/04\/\u010ditateljski-23.4.-300x154.png 300w, https:\/\/prva.hr\/wp-content\/uploads\/2021\/04\/\u010ditateljski-23.4.-768x394.png 768w, https:\/\/prva.hr\/wp-content\/uploads\/2021\/04\/\u010ditateljski-23.4.-400x205.png 400w, https:\/\/prva.hr\/wp-content\/uploads\/2021\/04\/\u010ditateljski-23.4..png 777w\" data-sizes=\"(max-width: 300px) 100vw, 300px\" src=\"data:image\/svg+xml;base64,PHN2ZyB3aWR0aD0iMSIgaGVpZ2h0PSIxIiB4bWxucz0iaHR0cDovL3d3dy53My5vcmcvMjAwMC9zdmciPjwvc3ZnPg==\" style=\"--smush-placeholder-width: 300px; --smush-placeholder-aspect-ratio: 300\/154;\" \/><\/a><\/p>\n<p>Mada je knjiga pisana kao labirint sudbina likova, autor u niti jednom trenutku ne prekida Arijadninu nit i ne dopu\u0161ta da se izgubimo u pri\u010di. I sre\u0107a i nesre\u0107a \u017eive i na ulici i u pala\u010dama, a ljubav i dobrota su ono ne\u0161to \u0161to pokre\u0107e svijet. Koliko je ovo knjiga o knjizi, toliko je i knjiga u \u017eivotu.<\/p>\n<p>&nbsp;<\/p>\n<p>&nbsp;<\/p>\n","protected":false},"excerpt":{"rendered":"<p>Bilo nam je iznimno zadovoljstvo sudjelovati u manifestaciji No\u0107 knjige koja se deseti put odr\u017eava u Hrvatskoj. Za susret \u010citateljskog kluba 23. travnja odabrali smo knjigu Sjena vjetra koja je, kakva slu\u010dajnost, objavljena ba\u0161 na Svjetski dan knjige 23. 4. 2008. godine. Ovo je knjiga posve\u0107ena knjigama, knji\u017eevnosti i ljubavi prema \u010ditanju, knjiga o knjigama [&hellip;]<\/p>\n","protected":false},"author":9,"featured_media":9375,"comment_status":"closed","ping_status":"closed","sticky":false,"template":"","format":"standard","meta":{"_et_pb_use_builder":"","_et_pb_old_content":"","_et_gb_content_width":"","footnotes":""},"categories":[82,6,9],"tags":[83],"class_list":["post-9374","post","type-post","status-publish","format-standard","has-post-thumbnail","hentry","category-aktivnosti-knjiznica-citateljski-klub","category-aktualna-dogadanja","category-arhiva","tag-noc-knjige"],"_links":{"self":[{"href":"https:\/\/prva.hr\/index.php\/wp-json\/wp\/v2\/posts\/9374","targetHints":{"allow":["GET"]}}],"collection":[{"href":"https:\/\/prva.hr\/index.php\/wp-json\/wp\/v2\/posts"}],"about":[{"href":"https:\/\/prva.hr\/index.php\/wp-json\/wp\/v2\/types\/post"}],"author":[{"embeddable":true,"href":"https:\/\/prva.hr\/index.php\/wp-json\/wp\/v2\/users\/9"}],"replies":[{"embeddable":true,"href":"https:\/\/prva.hr\/index.php\/wp-json\/wp\/v2\/comments?post=9374"}],"version-history":[{"count":4,"href":"https:\/\/prva.hr\/index.php\/wp-json\/wp\/v2\/posts\/9374\/revisions"}],"predecessor-version":[{"id":9380,"href":"https:\/\/prva.hr\/index.php\/wp-json\/wp\/v2\/posts\/9374\/revisions\/9380"}],"wp:featuredmedia":[{"embeddable":true,"href":"https:\/\/prva.hr\/index.php\/wp-json\/wp\/v2\/media\/9375"}],"wp:attachment":[{"href":"https:\/\/prva.hr\/index.php\/wp-json\/wp\/v2\/media?parent=9374"}],"wp:term":[{"taxonomy":"category","embeddable":true,"href":"https:\/\/prva.hr\/index.php\/wp-json\/wp\/v2\/categories?post=9374"},{"taxonomy":"post_tag","embeddable":true,"href":"https:\/\/prva.hr\/index.php\/wp-json\/wp\/v2\/tags?post=9374"}],"curies":[{"name":"wp","href":"https:\/\/api.w.org\/{rel}","templated":true}]}}