{"id":938,"date":"2015-03-06T21:38:16","date_gmt":"2015-03-06T20:38:16","guid":{"rendered":"http:\/\/www2.prva.hr\/?p=938"},"modified":"2017-08-06T21:38:33","modified_gmt":"2017-08-06T19:38:33","slug":"drzavno-natjecanje-u-badmintonu","status":"publish","type":"post","link":"https:\/\/prva.hr\/index.php\/2015\/03\/06\/drzavno-natjecanje-u-badmintonu\/","title":{"rendered":"Dr\u017eavno natjecanje u badmintonu"},"content":{"rendered":"<p>U\u010denici I. gimnazije Dominik Bezi\u0107 (3.a), Ivan Bilu\u0161i\u0107 (3.c), Borna Drvodeli\u0107 (3.c) i Marko Pekas (2.e) osvojili su\u00a01. mjesto na Dr\u017eavnom prvenstvu \u0160kolskih sportskih dru\u0161tava Republike Hrvatske u badmintonu!!! \u010cestitke u\u010denicima i njihovoj mentorici, profesorici Meri Matu\u0161an!<\/p>\n<p>\u010cestitke na\u0161im u\u010denicima i profesorici uputili su i Predsjednik, Izvr\u0161ni odbor i svi djelatnici\u00a0\u0160kolskog sportskog saveza Grada Zagreba.<\/p>\n<p>&nbsp;<\/p>\n<p><img decoding=\"async\" data-src=\"http:\/\/www.prva.hr\/images\/pdf\/Prvaci%20u%20badmintonu.png\" width=\"420\" height=\"295\" border=\"0\" src=\"data:image\/svg+xml;base64,PHN2ZyB3aWR0aD0iMSIgaGVpZ2h0PSIxIiB4bWxucz0iaHR0cDovL3d3dy53My5vcmcvMjAwMC9zdmciPjwvc3ZnPg==\" class=\"lazyload\" style=\"--smush-placeholder-width: 420px; --smush-placeholder-aspect-ratio: 420\/295;\" \/><\/p>\n<p>&nbsp;<\/p>\n<p>&nbsp;<\/p>\n<p>Vi\u0161e o samom natjecanju i rezultatima mo\u017eete pogledati <a href=\"http:\/\/skolski-sport.hr\/dubrovnik-dr%C5%BEavno-prvenstvo-u-badmintonu-puno-suprotnosti.html\" target=\"_blank\">ovdje<\/a><\/p>\n","protected":false},"excerpt":{"rendered":"<p>U\u010denici I. gimnazije Dominik Bezi\u0107 (3.a), Ivan Bilu\u0161i\u0107 (3.c), Borna Drvodeli\u0107 (3.c) i Marko Pekas (2.e) osvojili su\u00a01. mjesto na Dr\u017eavnom prvenstvu \u0160kolskih sportskih dru\u0161tava Republike Hrvatske u badmintonu!!! \u010cestitke u\u010denicima i njihovoj mentorici, profesorici Meri Matu\u0161an! \u010cestitke na\u0161im u\u010denicima i profesorici uputili su i Predsjednik, Izvr\u0161ni odbor i svi djelatnici\u00a0\u0160kolskog sportskog saveza Grada Zagreba. [&hellip;]<\/p>\n","protected":false},"author":1,"featured_media":0,"comment_status":"closed","ping_status":"closed","sticky":false,"template":"","format":"standard","meta":{"_et_pb_use_builder":"","_et_pb_old_content":"","_et_gb_content_width":"","footnotes":""},"categories":[9],"tags":[],"class_list":["post-938","post","type-post","status-publish","format-standard","hentry","category-arhiva"],"_links":{"self":[{"href":"https:\/\/prva.hr\/index.php\/wp-json\/wp\/v2\/posts\/938","targetHints":{"allow":["GET"]}}],"collection":[{"href":"https:\/\/prva.hr\/index.php\/wp-json\/wp\/v2\/posts"}],"about":[{"href":"https:\/\/prva.hr\/index.php\/wp-json\/wp\/v2\/types\/post"}],"author":[{"embeddable":true,"href":"https:\/\/prva.hr\/index.php\/wp-json\/wp\/v2\/users\/1"}],"replies":[{"embeddable":true,"href":"https:\/\/prva.hr\/index.php\/wp-json\/wp\/v2\/comments?post=938"}],"version-history":[{"count":1,"href":"https:\/\/prva.hr\/index.php\/wp-json\/wp\/v2\/posts\/938\/revisions"}],"predecessor-version":[{"id":939,"href":"https:\/\/prva.hr\/index.php\/wp-json\/wp\/v2\/posts\/938\/revisions\/939"}],"wp:attachment":[{"href":"https:\/\/prva.hr\/index.php\/wp-json\/wp\/v2\/media?parent=938"}],"wp:term":[{"taxonomy":"category","embeddable":true,"href":"https:\/\/prva.hr\/index.php\/wp-json\/wp\/v2\/categories?post=938"},{"taxonomy":"post_tag","embeddable":true,"href":"https:\/\/prva.hr\/index.php\/wp-json\/wp\/v2\/tags?post=938"}],"curies":[{"name":"wp","href":"https:\/\/api.w.org\/{rel}","templated":true}]}}