{"id":944,"date":"2015-03-31T21:43:18","date_gmt":"2015-03-31T19:43:18","guid":{"rendered":"http:\/\/www2.prva.hr\/?p=944"},"modified":"2017-08-06T21:44:43","modified_gmt":"2017-08-06T19:44:43","slug":"kap-dobrote-i-gimnazije-u-medijima","status":"publish","type":"post","link":"https:\/\/prva.hr\/index.php\/2015\/03\/31\/kap-dobrote-i-gimnazije-u-medijima\/","title":{"rendered":"KAP DOBROTE I. GIMNAZIJE U MEDIJIMA"},"content":{"rendered":"<p><strong>RADIO SLJEME \u201e S mjesta u eter\u201c<\/strong><\/p>\n<p>U utorak 24.3.2015. u emisiji novinarke Radio Sljemena Sanje Brajkovi\u0107 \u201eS mjesta u eter\u201c \u00a0gostovali su na\u0161i \u201epoduzetnici\u201c \u00a0Marija Banek i Dario Varo\u0161anec, prof. Igor Luki\u0107 i psihologinja Vlasta Luka\u010devi\u0107 te najavili niz zanimljivosti povodom 21. humanitarne akcije I. gimnazije Kap dobrote.<\/p>\n<p>&nbsp;<\/p>\n<p><img width=\"260\" height=\"195\" border=\"0\" \/> <img width=\"260\" height=\"195\" border=\"0\" \/><\/p>\n<p>&nbsp;<\/p>\n<p><strong>HRVATSKA TELEVIZIJA 2. program \u201eKod Sunca u 6\u201c<\/strong><\/p>\n<p>U srijedu 25.3.2015. povodom odvijanja 21. humanitarne akcije \u201eKap dobrote\u201c u emisiji \u201eKod Sunca u 6\u201c gostovale su na\u0161e \u201epoduzetnice\u201c Ma\u0161a Petranovi\u0107, Matea Je\u017ei\u0107, voditeljica Volonterskog kluba I. gimnazije Barbara Rubini\u0107 i psihologinja Vlasta Luka\u010devi\u0107 te najavile brojna doga\u0111anja i goste u na\u0161oj humanitarnoj manifestaciji \u00a0\u201e21. \u017eupanija \u2013 humanitarna gastromanija\u201c.<\/p>\n<p>&nbsp;<\/p>\n<p><img width=\"200\" height=\"150\" border=\"0\" \/><\/p>\n<p>&nbsp;<\/p>\n<p>&nbsp;<\/p>\n<p><strong>HRVATSKA TELEVIZIJA \u2013 1. program \u201eHrvatska u\u017eivo\u201c<\/strong><\/p>\n<p>O pravoj atmosferi \u00a0s 21.humanitarnog doga\u0111anja \u201eKap dobrote\u201c pogledajte na linku emisije \u201eHrvatska u\u017eivo\u201c koja se emitirala u petak 27.3.2015.<\/p>\n<p><a href=\"http:\/\/www.hrt.hr\/enz\/hrvatska-uzivo\/278002\/\" target=\"_blank\">http:\/\/www.hrt.hr\/enz\/hrvatska-uzivo\/278002\/<\/a><\/p>\n<p>&nbsp;<\/p>\n<p><strong>\u010cLANAK U VE\u010cERNJEM LISTU &#8211; SUBOTA, 28.3.2015., RUBRIKA \u201eHeroj ulice\u201c<\/strong><\/p>\n<p>\u010clanak mo\u017eete pro\u010ditati\u00a0<a href=\"http:\/\/www.prva.hr\/images\/pdf\/KD_news.pdf\" target=\"_blank\">ovdje<\/a><\/p>\n<p>&nbsp;<\/p>\n<p><strong>\u010cLANAK NA WEB STRANICI KARLOVA\u010cKE \u017dUPANIJE<\/strong><\/p>\n<p>\u010clanak mo\u017eete pogledati na linku<\/p>\n<p><a href=\"http:\/\/www.kazup.hr\/o-zupaniji\/gospodarstvo\/turizam\/52-clanci\/2236-karlovacka-zupanija-na-humanitarnoj-akciji-kap-dobrote.html\" target=\"_blank\">http:\/\/www.kazup.hr\/o-zupaniji\/gospodarstvo\/turizam\/52-clanci\/2236-karlovacka-zupanija-na-humanitarnoj-akciji-kap-dobrote.html<\/a><\/p>\n<p>&nbsp;<\/p>\n<p><strong>PORTAL SREDNJA.HR<\/strong><\/p>\n<p>Humanitarnu akciju &#8220;Kap dobrote&#8221; popratio je i portal srednja.hr.<\/p>\n<p>\u010clanak mo\u017eete pro\u010ditati na linku:\u00a0<a href=\"http:\/\/www.srednja.hr\/Novosti\/Hrvatska\/Ucenici-1-gimnazije-prikupili-vise-od-33-tisuce-kuna-za-kolege-slabijeg-imovinskog-statusa#ad-image-0\" target=\"_blank\">http:\/\/www.srednja.hr\/Novosti\/Hrvatska\/Ucenici-1-gimnazije-prikupili-vise-od-33-tisuce-kuna-za-kolege-slabijeg-imovinskog-statusa#ad-image-0<\/a><\/p>\n<p>&nbsp;<\/p>\n<p><strong>WEB PORTAL VOLONTIRAM.INFO<\/strong><\/p>\n<p>\u010clanak mo\u017eete pogledati na linku \u00a0<a href=\"http:\/\/volontiram.info\/skole\/volonterske-akcije\/item\/363-humanitarna-akcija-1-gimnazije\">http:\/\/volontiram.info\/skole\/volonterske-akcije\/item\/363-humanitarna-akcija-1-gimnazije<\/a><\/p>\n<p><span class=\"article_separator\">\u00a0<\/span><\/p>\n","protected":false},"excerpt":{"rendered":"<p>RADIO SLJEME \u201e S mjesta u eter\u201c U utorak 24.3.2015. u emisiji novinarke Radio Sljemena Sanje Brajkovi\u0107 \u201eS mjesta u eter\u201c \u00a0gostovali su na\u0161i \u201epoduzetnici\u201c \u00a0Marija Banek i Dario Varo\u0161anec, prof. Igor Luki\u0107 i psihologinja Vlasta Luka\u010devi\u0107 te najavili niz zanimljivosti povodom 21. humanitarne akcije I. gimnazije Kap dobrote. &nbsp; &nbsp; HRVATSKA TELEVIZIJA 2. program [&hellip;]<\/p>\n","protected":false},"author":1,"featured_media":0,"comment_status":"closed","ping_status":"closed","sticky":false,"template":"","format":"standard","meta":{"_et_pb_use_builder":"","_et_pb_old_content":"","_et_gb_content_width":"","footnotes":""},"categories":[9],"tags":[],"class_list":["post-944","post","type-post","status-publish","format-standard","hentry","category-arhiva"],"_links":{"self":[{"href":"https:\/\/prva.hr\/index.php\/wp-json\/wp\/v2\/posts\/944","targetHints":{"allow":["GET"]}}],"collection":[{"href":"https:\/\/prva.hr\/index.php\/wp-json\/wp\/v2\/posts"}],"about":[{"href":"https:\/\/prva.hr\/index.php\/wp-json\/wp\/v2\/types\/post"}],"author":[{"embeddable":true,"href":"https:\/\/prva.hr\/index.php\/wp-json\/wp\/v2\/users\/1"}],"replies":[{"embeddable":true,"href":"https:\/\/prva.hr\/index.php\/wp-json\/wp\/v2\/comments?post=944"}],"version-history":[{"count":1,"href":"https:\/\/prva.hr\/index.php\/wp-json\/wp\/v2\/posts\/944\/revisions"}],"predecessor-version":[{"id":945,"href":"https:\/\/prva.hr\/index.php\/wp-json\/wp\/v2\/posts\/944\/revisions\/945"}],"wp:attachment":[{"href":"https:\/\/prva.hr\/index.php\/wp-json\/wp\/v2\/media?parent=944"}],"wp:term":[{"taxonomy":"category","embeddable":true,"href":"https:\/\/prva.hr\/index.php\/wp-json\/wp\/v2\/categories?post=944"},{"taxonomy":"post_tag","embeddable":true,"href":"https:\/\/prva.hr\/index.php\/wp-json\/wp\/v2\/tags?post=944"}],"curies":[{"name":"wp","href":"https:\/\/api.w.org\/{rel}","templated":true}]}}